{"id":1092,"date":"2025-06-29T20:10:36","date_gmt":"2025-06-29T20:10:36","guid":{"rendered":"https:\/\/mentalhelse.no\/stange\/?post_type=news&#038;p=1092"},"modified":"2025-06-29T20:10:36","modified_gmt":"2025-06-29T20:10:36","slug":"aktivitetskveld-pa-meierigarden","status":"publish","type":"news","link":"https:\/\/mentalhelse.no\/stange\/aktuelt\/aktivitetskveld-pa-meierigarden\/","title":{"rendered":"Aktivitetskveld p\u00e5 Meierig\u00e5rden"},"content":{"rendered":"<figure class=\"alignwide wp-block-post-featured-image\"><img loading=\"lazy\" decoding=\"async\" width=\"2560\" height=\"1440\" src=\"https:\/\/mentalhelse.no\/content\/uploads\/sites\/207\/2025\/06\/PXL_20250625_163552818-1-scaled.jpg\" class=\"attachment-post-thumbnail size-post-thumbnail wp-post-image\" alt=\"\" style=\"object-fit:cover; --focal-point: 50% 50%;\" srcset=\"https:\/\/mentalhelse.no\/content\/uploads\/sites\/207\/2025\/06\/PXL_20250625_163552818-1-scaled.jpg 2560w, https:\/\/mentalhelse.no\/content\/uploads\/sites\/207\/2025\/06\/PXL_20250625_163552818-1-300x169.jpg 300w, https:\/\/mentalhelse.no\/content\/uploads\/sites\/207\/2025\/06\/PXL_20250625_163552818-1-1024x576.jpg 1024w, https:\/\/mentalhelse.no\/content\/uploads\/sites\/207\/2025\/06\/PXL_20250625_163552818-1-768x432.jpg 768w, https:\/\/mentalhelse.no\/content\/uploads\/sites\/207\/2025\/06\/PXL_20250625_163552818-1-1536x864.jpg 1536w, https:\/\/mentalhelse.no\/content\/uploads\/sites\/207\/2025\/06\/PXL_20250625_163552818-1-2048x1152.jpg 2048w\" sizes=\"auto, (max-width: 2560px) 100vw, 2560px\" \/><\/figure>\n\n<h1 class=\"has-text-align-center wp-block-post-title\">Aktivitetskveld p\u00e5 Meierig\u00e5rden<\/h1>\n\n\n<p>Det ble arrangert aktivitetskveld p\u00e5 Meierig\u00e5rden der mange m\u00f8tte opp. Stemningen var god, med live musikk fra Vangsgutta. Folk koste seg med god mat og deilige kaker. Det var ogs\u00e5 loddtrekning med mange flotte premier.<br>Tusen takk til alle som bidro og gjorde dagen s\u00e5 fin!<\/p>\n\n\n\n<figure class=\"wp-block-image size-large\"><img loading=\"lazy\" decoding=\"async\" width=\"1024\" height=\"576\" src=\"https:\/\/mentalhelse.no\/content\/uploads\/sites\/207\/2025\/06\/PXL_20250625_163623583-1-1024x576.jpg\" alt=\"\" class=\"wp-image-1097\" srcset=\"https:\/\/mentalhelse.no\/content\/uploads\/sites\/207\/2025\/06\/PXL_20250625_163623583-1-1024x576.jpg 1024w, https:\/\/mentalhelse.no\/content\/uploads\/sites\/207\/2025\/06\/PXL_20250625_163623583-1-300x169.jpg 300w, https:\/\/mentalhelse.no\/content\/uploads\/sites\/207\/2025\/06\/PXL_20250625_163623583-1-768x432.jpg 768w, https:\/\/mentalhelse.no\/content\/uploads\/sites\/207\/2025\/06\/PXL_20250625_163623583-1-1536x864.jpg 1536w, https:\/\/mentalhelse.no\/content\/uploads\/sites\/207\/2025\/06\/PXL_20250625_163623583-1-2048x1152.jpg 2048w\" sizes=\"auto, (max-width: 1024px) 100vw, 1024px\" \/><\/figure>\n\n\n\n<div class=\"wp-block-group is-nowrap is-layout-flex wp-container-core-group-is-layout-2 wp-block-group-is-layout-flex\">\n<div class=\"wp-block-group is-layout-constrained wp-block-group-is-layout-constrained\"><\/div>\n<\/div>\n\n\n\n<figure class=\"wp-block-image size-large\"><img loading=\"lazy\" decoding=\"async\" width=\"1024\" height=\"576\" src=\"https:\/\/mentalhelse.no\/content\/uploads\/sites\/207\/2025\/06\/PXL_20250625_163639475-1024x576.jpg\" alt=\"\" class=\"wp-image-1095\" srcset=\"https:\/\/mentalhelse.no\/content\/uploads\/sites\/207\/2025\/06\/PXL_20250625_163639475-1024x576.jpg 1024w, https:\/\/mentalhelse.no\/content\/uploads\/sites\/207\/2025\/06\/PXL_20250625_163639475-300x169.jpg 300w, https:\/\/mentalhelse.no\/content\/uploads\/sites\/207\/2025\/06\/PXL_20250625_163639475-768x432.jpg 768w, https:\/\/mentalhelse.no\/content\/uploads\/sites\/207\/2025\/06\/PXL_20250625_163639475-1536x864.jpg 1536w, https:\/\/mentalhelse.no\/content\/uploads\/sites\/207\/2025\/06\/PXL_20250625_163639475-2048x1152.jpg 2048w\" sizes=\"auto, (max-width: 1024px) 100vw, 1024px\" \/><\/figure>\n\n\n\n<figure class=\"wp-block-image size-large\"><img loading=\"lazy\" decoding=\"async\" width=\"1024\" height=\"576\" src=\"https:\/\/mentalhelse.no\/content\/uploads\/sites\/207\/2025\/06\/PXL_20250625_163655614-1024x576.jpg\" alt=\"\" class=\"wp-image-1096\" srcset=\"https:\/\/mentalhelse.no\/content\/uploads\/sites\/207\/2025\/06\/PXL_20250625_163655614-1024x576.jpg 1024w, https:\/\/mentalhelse.no\/content\/uploads\/sites\/207\/2025\/06\/PXL_20250625_163655614-300x169.jpg 300w, https:\/\/mentalhelse.no\/content\/uploads\/sites\/207\/2025\/06\/PXL_20250625_163655614-768x432.jpg 768w, https:\/\/mentalhelse.no\/content\/uploads\/sites\/207\/2025\/06\/PXL_20250625_163655614-1536x864.jpg 1536w, https:\/\/mentalhelse.no\/content\/uploads\/sites\/207\/2025\/06\/PXL_20250625_163655614-2048x1152.jpg 2048w\" sizes=\"auto, (max-width: 1024px) 100vw, 1024px\" \/><\/figure>\n\n\n\n\t\t<div class=\"mh-related-posts alignfull alignfull wp-block-mentalhelse-related-posts gray-mode\">\n\t\t\t<div class=\"mh-related-posts__inner\">\n\t\t\t\t\n\n<h3 class=\"wp-block-heading\" id=\"h-also-read\">Also read<\/h3>\n\n\n<div class=\"t2-featured-content-layout alignwide alignwide wp-block-t2-featured-content-layout\">\n<div class=\"t2-featured-query-post t2-featured-content is-post-type-news wp-block-t2-featured-query-post t2-featured-content-layout-col-4\"><a class=\"t2-post-link wp-block-t2-post-link\" href=\"https:\/\/mentalhelse.no\/stange\/aktuelt\/innkalling-til-arsmote-i-mental-helse-stange-2026\/\">\n\t<figure style=\"--t2-focal-point: 50% 50%;\" class=\"t2-post-featured-image has-image-ratio-16-9 wp-block-t2-post-featured-image\"><img loading=\"lazy\" decoding=\"async\" width=\"2560\" height=\"1396\" src=\"https:\/\/mentalhelse.no\/content\/uploads\/sites\/207\/2026\/01\/Arsmote-2026.png\" class=\"attachment-post-thumbnail size-post-thumbnail wp-post-image\" alt=\"\" srcset=\"https:\/\/mentalhelse.no\/content\/uploads\/sites\/207\/2026\/01\/Arsmote-2026.png 2560w, https:\/\/mentalhelse.no\/content\/uploads\/sites\/207\/2026\/01\/Arsmote-2026-300x164.png 300w, https:\/\/mentalhelse.no\/content\/uploads\/sites\/207\/2026\/01\/Arsmote-2026-1024x559.png 1024w, https:\/\/mentalhelse.no\/content\/uploads\/sites\/207\/2026\/01\/Arsmote-2026-768x419.png 768w, https:\/\/mentalhelse.no\/content\/uploads\/sites\/207\/2026\/01\/Arsmote-2026-1536x838.png 1536w, https:\/\/mentalhelse.no\/content\/uploads\/sites\/207\/2026\/01\/Arsmote-2026-2048x1117.png 2048w\" sizes=\"auto, (max-width: 2560px) 100vw, 2560px\" style=\"--focal-point: 50% 50%;\" \/><\/figure>\n<\/a>\n\n<div class=\"wp-block-group postinfo alignfull is-layout-flow wp-block-group-is-layout-flow\">\n\t<div class=\"wp-block-mentalhelse-post-category\">\n\t\t\t\t\t<div class=\"post-type\">\n\t\t\t\t\t\t<a href=\"https:\/\/mentalhelse.no\/stange\/aktuelt\/\">Nyheter<\/a>\n\t\t\t\t\t<\/div>\n\t\t\t\t\t\n\t\t\t\t\t<div class=\"post-category\">\n\t\t\t\t\t\t\n\t\t\t\t\t<\/div>\n\t\t\t<\/div>\n\t<a class=\"t2-post-link wp-block-t2-post-link\" href=\"https:\/\/mentalhelse.no\/stange\/aktuelt\/innkalling-til-arsmote-i-mental-helse-stange-2026\/\">\n\t<h2 class=\"t2-post-title wp-block-t2-post-title\">Innkalling til \u00e5rsm\u00f8te i Mental Helse Stange 2026<\/h2>\n\t<\/a>\n<\/div>\n\n<\/div>\n\n<div class=\"t2-featured-query-post t2-featured-content is-post-type-news wp-block-t2-featured-query-post t2-featured-content-layout-col-4\"><a class=\"t2-post-link wp-block-t2-post-link\" href=\"https:\/\/mentalhelse.no\/stange\/aktuelt\/mental-helse-stange-feiret-25-ar\/\">\n\t<figure style=\"--t2-focal-point: 50% 50%;\" class=\"t2-post-featured-image has-image-ratio-16-9 wp-block-t2-post-featured-image\"><img loading=\"lazy\" decoding=\"async\" width=\"1920\" height=\"2560\" src=\"https:\/\/mentalhelse.no\/content\/uploads\/sites\/207\/2024\/07\/1000000035-scaled.jpg\" class=\"attachment-post-thumbnail size-post-thumbnail wp-post-image\" alt=\"\" srcset=\"https:\/\/mentalhelse.no\/content\/uploads\/sites\/207\/2024\/07\/1000000035-scaled.jpg 1920w, https:\/\/mentalhelse.no\/content\/uploads\/sites\/207\/2024\/07\/1000000035-225x300.jpg 225w, https:\/\/mentalhelse.no\/content\/uploads\/sites\/207\/2024\/07\/1000000035-768x1024.jpg 768w, https:\/\/mentalhelse.no\/content\/uploads\/sites\/207\/2024\/07\/1000000035-1152x1536.jpg 1152w, https:\/\/mentalhelse.no\/content\/uploads\/sites\/207\/2024\/07\/1000000035-1536x2048.jpg 1536w\" sizes=\"auto, (max-width: 1920px) 100vw, 1920px\" style=\"--focal-point: 50% 50%;\" \/><\/figure>\n<\/a>\n\n<div class=\"wp-block-group postinfo alignfull is-layout-flow wp-block-group-is-layout-flow\">\n\t<div class=\"wp-block-mentalhelse-post-category\">\n\t\t\t\t\t<div class=\"post-type\">\n\t\t\t\t\t\t<a href=\"https:\/\/mentalhelse.no\/stange\/aktuelt\/\">Nyheter<\/a>\n\t\t\t\t\t<\/div>\n\t\t\t\t\t\n\t\t\t\t\t<div class=\"post-category\">\n\t\t\t\t\t\t\n\t\t\t\t\t<\/div>\n\t\t\t<\/div>\n\t<a class=\"t2-post-link wp-block-t2-post-link\" href=\"https:\/\/mentalhelse.no\/stange\/aktuelt\/mental-helse-stange-feiret-25-ar\/\">\n\t<h2 class=\"t2-post-title wp-block-t2-post-title\">Mental Helse Stange feiret 25 \u00e5r<\/h2>\n\t<\/a>\n<\/div>\n\n<\/div>\n\n\n<\/div>\n\n\t\t\t<\/div>\n\t\t<\/div>","protected":false},"excerpt":{"rendered":"<p>Det ble arrangert aktivitetskveld p\u00e5 Meierig\u00e5rden der mange m\u00f8tte opp. Stemningen var god, med live musikk fra Vangsgutta. Folk koste seg med god mat og&#8230;<\/p>\n","protected":false},"author":99,"featured_media":1098,"parent":0,"template":"","meta":{"t2_featured_media_focal_point":{"x":0.5,"y":0.5},"mh_hide_title":true},"news_category":[],"class_list":["post-1092","news","type-news","status-publish","has-post-thumbnail","hentry"],"yoast_head":"<!-- This site is optimized with the Yoast SEO Premium plugin v21.2 (Yoast SEO v21.2) - https:\/\/yoast.com\/wordpress\/plugins\/seo\/ -->\n<title>Aktivitetskveld p\u00e5 Meierig\u00e5rden - Mental Helse - Stange<\/title>\n<meta name=\"robots\" content=\"index, follow, max-snippet:-1, max-image-preview:large, max-video-preview:-1\" \/>\n<link rel=\"canonical\" href=\"https:\/\/mentalhelse.no\/stange\/aktuelt\/aktivitetskveld-pa-meierigarden\/\" \/>\n<meta property=\"og:locale\" content=\"nb_NO\" \/>\n<meta property=\"og:type\" content=\"article\" \/>\n<meta property=\"og:title\" content=\"Aktivitetskveld p\u00e5 Meierig\u00e5rden\" \/>\n<meta property=\"og:description\" content=\"Det ble arrangert aktivitetskveld p\u00e5 Meierig\u00e5rden der mange m\u00f8tte opp. Stemningen var god, med live musikk fra Vangsgutta. Folk koste seg med god mat og...\" \/>\n<meta property=\"og:url\" content=\"https:\/\/mentalhelse.no\/stange\/aktuelt\/aktivitetskveld-pa-meierigarden\/\" \/>\n<meta property=\"og:site_name\" content=\"Stange\" \/>\n<meta property=\"og:image\" content=\"https:\/\/mentalhelse.no\/content\/uploads\/sites\/207\/2025\/06\/PXL_20250625_163552818-1-scaled.jpg\" \/>\n\t<meta property=\"og:image:width\" content=\"2560\" \/>\n\t<meta property=\"og:image:height\" content=\"1440\" \/>\n\t<meta property=\"og:image:type\" content=\"image\/jpeg\" \/>\n<meta name=\"twitter:card\" content=\"summary_large_image\" \/>\n<meta name=\"twitter:label1\" content=\"Ansl. lesetid\" \/>\n\t<meta name=\"twitter:data1\" content=\"1 minutt\" \/>\n<script type=\"application\/ld+json\" class=\"yoast-schema-graph\">{\"@context\":\"https:\/\/schema.org\",\"@graph\":[{\"@type\":\"WebPage\",\"@id\":\"https:\/\/mentalhelse.no\/stange\/aktuelt\/aktivitetskveld-pa-meierigarden\/\",\"url\":\"https:\/\/mentalhelse.no\/stange\/aktuelt\/aktivitetskveld-pa-meierigarden\/\",\"name\":\"Aktivitetskveld p\u00e5 Meierig\u00e5rden - Stange\",\"isPartOf\":{\"@id\":\"https:\/\/mentalhelse.no\/stange\/#website\"},\"datePublished\":\"2025-06-29T20:10:36+00:00\",\"dateModified\":\"2025-06-29T20:10:36+00:00\",\"breadcrumb\":{\"@id\":\"https:\/\/mentalhelse.no\/stange\/aktuelt\/aktivitetskveld-pa-meierigarden\/#breadcrumb\"},\"inLanguage\":\"nb-NO\",\"potentialAction\":[{\"@type\":\"ReadAction\",\"target\":[\"https:\/\/mentalhelse.no\/stange\/aktuelt\/aktivitetskveld-pa-meierigarden\/\"]}]},{\"@type\":\"BreadcrumbList\",\"@id\":\"https:\/\/mentalhelse.no\/stange\/aktuelt\/aktivitetskveld-pa-meierigarden\/#breadcrumb\",\"itemListElement\":[{\"@type\":\"ListItem\",\"position\":1,\"name\":\"Hjem\",\"item\":\"https:\/\/mentalhelse.no\/stange\/\"},{\"@type\":\"ListItem\",\"position\":2,\"name\":\"Nyheter\",\"item\":\"https:\/\/mentalhelse.no\/stange\/aktuelt\/\"},{\"@type\":\"ListItem\",\"position\":3,\"name\":\"Aktivitetskveld p\u00e5 Meierig\u00e5rden\"}]},{\"@type\":\"WebSite\",\"@id\":\"https:\/\/mentalhelse.no\/stange\/#website\",\"url\":\"https:\/\/mentalhelse.no\/stange\/\",\"name\":\"Stange\",\"description\":\"\",\"potentialAction\":[{\"@type\":\"SearchAction\",\"target\":{\"@type\":\"EntryPoint\",\"urlTemplate\":\"https:\/\/mentalhelse.no\/stange\/?s={search_term_string}\"},\"query-input\":\"required name=search_term_string\"}],\"inLanguage\":\"nb-NO\"}]}<\/script>\n<!-- \/ Yoast SEO Premium plugin. -->","yoast_head_json":{"title":"Aktivitetskveld p\u00e5 Meierig\u00e5rden - Mental Helse - Stange","robots":{"index":"index","follow":"follow","max-snippet":"max-snippet:-1","max-image-preview":"max-image-preview:large","max-video-preview":"max-video-preview:-1"},"canonical":"https:\/\/mentalhelse.no\/stange\/aktuelt\/aktivitetskveld-pa-meierigarden\/","og_locale":"nb_NO","og_type":"article","og_title":"Aktivitetskveld p\u00e5 Meierig\u00e5rden","og_description":"Det ble arrangert aktivitetskveld p\u00e5 Meierig\u00e5rden der mange m\u00f8tte opp. Stemningen var god, med live musikk fra Vangsgutta. Folk koste seg med god mat og...","og_url":"https:\/\/mentalhelse.no\/stange\/aktuelt\/aktivitetskveld-pa-meierigarden\/","og_site_name":"Stange","og_image":[{"width":2560,"height":1440,"url":"https:\/\/mentalhelse.no\/content\/uploads\/sites\/207\/2025\/06\/PXL_20250625_163552818-1-scaled.jpg","type":"image\/jpeg"}],"twitter_card":"summary_large_image","twitter_misc":{"Ansl. lesetid":"1 minutt"},"schema":{"@context":"https:\/\/schema.org","@graph":[{"@type":"WebPage","@id":"https:\/\/mentalhelse.no\/stange\/aktuelt\/aktivitetskveld-pa-meierigarden\/","url":"https:\/\/mentalhelse.no\/stange\/aktuelt\/aktivitetskveld-pa-meierigarden\/","name":"Aktivitetskveld p\u00e5 Meierig\u00e5rden - Stange","isPartOf":{"@id":"https:\/\/mentalhelse.no\/stange\/#website"},"datePublished":"2025-06-29T20:10:36+00:00","dateModified":"2025-06-29T20:10:36+00:00","breadcrumb":{"@id":"https:\/\/mentalhelse.no\/stange\/aktuelt\/aktivitetskveld-pa-meierigarden\/#breadcrumb"},"inLanguage":"nb-NO","potentialAction":[{"@type":"ReadAction","target":["https:\/\/mentalhelse.no\/stange\/aktuelt\/aktivitetskveld-pa-meierigarden\/"]}]},{"@type":"BreadcrumbList","@id":"https:\/\/mentalhelse.no\/stange\/aktuelt\/aktivitetskveld-pa-meierigarden\/#breadcrumb","itemListElement":[{"@type":"ListItem","position":1,"name":"Hjem","item":"https:\/\/mentalhelse.no\/stange\/"},{"@type":"ListItem","position":2,"name":"Nyheter","item":"https:\/\/mentalhelse.no\/stange\/aktuelt\/"},{"@type":"ListItem","position":3,"name":"Aktivitetskveld p\u00e5 Meierig\u00e5rden"}]},{"@type":"WebSite","@id":"https:\/\/mentalhelse.no\/stange\/#website","url":"https:\/\/mentalhelse.no\/stange\/","name":"Stange","description":"","potentialAction":[{"@type":"SearchAction","target":{"@type":"EntryPoint","urlTemplate":"https:\/\/mentalhelse.no\/stange\/?s={search_term_string}"},"query-input":"required name=search_term_string"}],"inLanguage":"nb-NO"}]}},"_links":{"self":[{"href":"https:\/\/mentalhelse.no\/stange\/wp-json\/wp\/v2\/news\/1092","targetHints":{"allow":["GET"]}}],"collection":[{"href":"https:\/\/mentalhelse.no\/stange\/wp-json\/wp\/v2\/news"}],"about":[{"href":"https:\/\/mentalhelse.no\/stange\/wp-json\/wp\/v2\/types\/news"}],"author":[{"embeddable":true,"href":"https:\/\/mentalhelse.no\/stange\/wp-json\/wp\/v2\/users\/99"}],"wp:featuredmedia":[{"embeddable":true,"href":"https:\/\/mentalhelse.no\/stange\/wp-json\/wp\/v2\/media\/1098"}],"wp:attachment":[{"href":"https:\/\/mentalhelse.no\/stange\/wp-json\/wp\/v2\/media?parent=1092"}],"wp:term":[{"taxonomy":"news_category","embeddable":true,"href":"https:\/\/mentalhelse.no\/stange\/wp-json\/wp\/v2\/news_category?post=1092"}],"curies":[{"name":"wp","href":"https:\/\/api.w.org\/{rel}","templated":true}]}}