{"id":1103,"date":"2026-01-26T20:38:33","date_gmt":"2026-01-26T20:38:33","guid":{"rendered":"https:\/\/mentalhelse.no\/stange\/?post_type=news&#038;p=1103"},"modified":"2026-01-26T21:26:07","modified_gmt":"2026-01-26T21:26:07","slug":"innkalling-til-arsmote-i-mental-helse-stange-2026","status":"publish","type":"news","link":"https:\/\/mentalhelse.no\/stange\/aktuelt\/innkalling-til-arsmote-i-mental-helse-stange-2026\/","title":{"rendered":"Innkalling til \u00e5rsm\u00f8te i Mental Helse Stange 2026"},"content":{"rendered":"\n<figure class=\"wp-block-image size-full\"><img loading=\"lazy\" decoding=\"async\" width=\"164\" height=\"164\" src=\"https:\/\/mentalhelse.no\/content\/uploads\/sites\/207\/2026\/01\/image.png\" alt=\"\" class=\"wp-image-1104\" srcset=\"https:\/\/mentalhelse.no\/content\/uploads\/sites\/207\/2026\/01\/image.png 164w, https:\/\/mentalhelse.no\/content\/uploads\/sites\/207\/2026\/01\/image-150x150.png 150w\" sizes=\"auto, (max-width: 164px) 100vw, 164px\" \/><\/figure>\n\n\n<h3 class=\"wp-block-post-title\">Innkalling til \u00e5rsm\u00f8te i Mental Helse Stange 2026<\/h3>\n\n<div class=\"is-img-top mh-byline wp-block-mh-byline\">\n                  <div class=\"mh-byline__inner\">\n                  \t\n                  \t<div class=\"mh-byline__meta\">\n                  \t\t<div class=\"mh-byline__post\">\n                  \t\t\t<div class=\"entry-date\">26.01.2026<\/div>\n                  \t\t<\/div>\n                  \t\t<div class=\"mh-byline__author\">\n                  \t\t\t <span class=\"mh-byline__author-link\">mhstange<\/span>\n\t\t\t\t\t\t<\/div>\n\t\t\t\t\t<\/div>\n\t\t\t\t<\/div>\n\t\t<\/div>\n\n\n<p><strong>Tid: Onsdag 25.februar 2026 kl.18.00&nbsp;&nbsp;&nbsp;&nbsp;<\/strong><\/p>\n\n\n\n<p><strong>&nbsp;Sted: Meierig\u00e5rden, Stange<\/strong><\/p>\n\n\n\n<p><strong><u>Saksliste<\/u><\/strong>:<\/p>\n\n\n\n<p>Sak 1: &nbsp;&nbsp;&nbsp;&nbsp;&nbsp;&nbsp;&nbsp;&nbsp;&nbsp;&nbsp;&nbsp;&nbsp;&nbsp;&nbsp;&nbsp;&nbsp; \u00c5pning\/konstituering av m\u00f8tet<\/p>\n\n\n\n<ul class=\"wp-block-list\">\n<li>Navnefortegnelse over fremm\u00f8tte medlemmer med gyldig medlemskap<\/li>\n\n\n\n<li>Godkjenning av innkalling og dagsorden<\/li>\n\n\n\n<li>Valg av m\u00f8teleder og sekret\u00e6r for \u00e5rsm\u00f8tet<\/li>\n\n\n\n<li>Fastsettelse av forretningsorden<\/li>\n\n\n\n<li>Valg av to protokollunderskrivere<\/li>\n\n\n\n<li>Valg av tellekorps<\/li>\n<\/ul>\n\n\n\n<p><strong>Sak 2:<\/strong> &nbsp;&nbsp;&nbsp;&nbsp;&nbsp;&nbsp;&nbsp;&nbsp;&nbsp;&nbsp;&nbsp;&nbsp;&nbsp;&nbsp;&nbsp;&nbsp; \u00c5rsberetning for \u00e5rsm\u00f8teperioden<\/p>\n\n\n\n<p><strong>Sak 3: <\/strong>&nbsp;&nbsp;&nbsp;&nbsp;&nbsp;&nbsp;&nbsp;&nbsp;&nbsp;&nbsp;&nbsp;&nbsp;&nbsp;&nbsp;&nbsp;&nbsp; Revidert regnskap for forrige kalender\u00e5r<\/p>\n\n\n\n<p><strong>Sak 4: <\/strong>&nbsp;&nbsp;&nbsp;&nbsp;&nbsp;&nbsp;&nbsp;&nbsp;&nbsp;&nbsp;&nbsp;&nbsp;&nbsp;&nbsp;&nbsp;&nbsp; Fastsettelse av honorar\/godtgj\u00f8relse for styret<\/p>\n\n\n\n<p><strong>Sak 5: <\/strong>&nbsp;&nbsp;&nbsp;&nbsp;&nbsp;&nbsp;&nbsp;&nbsp;&nbsp;&nbsp;&nbsp;&nbsp;&nbsp;&nbsp;&nbsp;&nbsp; Innkomne saker (Saker foresl\u00e5tt etter \u00a718.4 eller 25.4)<\/p>\n\n\n\n<p><strong>Sak 6 :<\/strong>\u00a0\u00a0\u00a0\u00a0\u00a0\u00a0\u00a0\u00a0\u00a0\u00a0\u00a0\u00a0      Handlingsplan<\/p>\n\n\n\n<p><strong>Sak 7:<\/strong> \u00a0\u00a0\u00a0\u00a0\u00a0\u00a0\u00a0\u00a0\u00a0\u00a0\u00a0\u00a0\u00a0     Budsjett<\/p>\n\n\n\n<p><strong>Sak 8:<\/strong> \u00a0\u00a0\u00a0\u00a0\u00a0\u00a0\u00a0\u00a0\u00a0\u00a0\u00a0\u00a0\u00a0\u00a0\u00a0\u00a0  Valg<\/p>\n\n\n\n<ul class=\"wp-block-list\">\n<li>Styret &#8211; Revisor, -Valgkomit\u00e9- Delegater til MH Innlandets \u00e5rsm\u00f8te<\/li>\n<\/ul>\n\n\n\n<p>Frist for innkommende saker: 4.februar 2026<\/p>\n\n\n\n<p>Frasigelse av verv sendes skriftlig innen 4.februar 2026 til Marianne Kristoffersen<\/p>\n\n\n\n<p>NB: Medlemmer som ikke har betalt \u00e5rskontingent for 2026 har ikke stemmerett p\u00e5 \u00e5rsm\u00f8tet.<\/p>\n\n\n\n<p>Velkommen!<\/p>\n\n\n\n<p>Styret i Mental Helse Stange<\/p>\n\n\n\n<p>Stange 28. januar 2025<\/p>\n\n\n\n<p>\u00c5rsm\u00f8tepapirene er \u00e5 finne p\u00e5 v\u00e5r side p\u00e5 Mental Helse.no og kan ses p\u00e5 Sole den 09.02 fra kl. 12-14<\/p>\n\n\n\n\t\t<div class=\"mh-related-posts alignfull alignfull wp-block-mentalhelse-related-posts gray-mode\">\n\t\t\t<div class=\"mh-related-posts__inner\">\n\t\t\t\t\n\n<h3 class=\"wp-block-heading\" id=\"h-also-read\">Also read<\/h3>\n\n\n<div class=\"t2-featured-content-layout alignwide alignwide wp-block-t2-featured-content-layout\">\n<div class=\"t2-featured-query-post t2-featured-content is-post-type-news wp-block-t2-featured-query-post t2-featured-content-layout-col-4\"><a class=\"t2-post-link wp-block-t2-post-link\" href=\"https:\/\/mentalhelse.no\/stange\/aktuelt\/aktivitetskveld-pa-meierigarden\/\">\n\t<figure style=\"--t2-focal-point: 50% 50%;\" class=\"t2-post-featured-image has-image-ratio-16-9 wp-block-t2-post-featured-image\"><img loading=\"lazy\" decoding=\"async\" width=\"2560\" height=\"1440\" src=\"https:\/\/mentalhelse.no\/content\/uploads\/sites\/207\/2025\/06\/PXL_20250625_163552818-1-scaled.jpg\" class=\"attachment-post-thumbnail size-post-thumbnail wp-post-image\" alt=\"\" srcset=\"https:\/\/mentalhelse.no\/content\/uploads\/sites\/207\/2025\/06\/PXL_20250625_163552818-1-scaled.jpg 2560w, https:\/\/mentalhelse.no\/content\/uploads\/sites\/207\/2025\/06\/PXL_20250625_163552818-1-300x169.jpg 300w, https:\/\/mentalhelse.no\/content\/uploads\/sites\/207\/2025\/06\/PXL_20250625_163552818-1-1024x576.jpg 1024w, https:\/\/mentalhelse.no\/content\/uploads\/sites\/207\/2025\/06\/PXL_20250625_163552818-1-768x432.jpg 768w, https:\/\/mentalhelse.no\/content\/uploads\/sites\/207\/2025\/06\/PXL_20250625_163552818-1-1536x864.jpg 1536w, https:\/\/mentalhelse.no\/content\/uploads\/sites\/207\/2025\/06\/PXL_20250625_163552818-1-2048x1152.jpg 2048w\" sizes=\"auto, (max-width: 2560px) 100vw, 2560px\" style=\"--focal-point: 50% 50%;\" \/><\/figure>\n<\/a>\n\n<div class=\"wp-block-group postinfo alignfull is-layout-flow wp-block-group-is-layout-flow\">\n\t<div class=\"wp-block-mentalhelse-post-category\">\n\t\t\t\t\t<div class=\"post-type\">\n\t\t\t\t\t\t<a href=\"https:\/\/mentalhelse.no\/stange\/aktuelt\/\">Nyheter<\/a>\n\t\t\t\t\t<\/div>\n\t\t\t\t\t\n\t\t\t\t\t<div class=\"post-category\">\n\t\t\t\t\t\t\n\t\t\t\t\t<\/div>\n\t\t\t<\/div>\n\t<a class=\"t2-post-link wp-block-t2-post-link\" href=\"https:\/\/mentalhelse.no\/stange\/aktuelt\/aktivitetskveld-pa-meierigarden\/\">\n\t<h2 class=\"t2-post-title wp-block-t2-post-title\">Aktivitetskveld p\u00e5 Meierig\u00e5rden<\/h2>\n\t<\/a>\n<\/div>\n\n<\/div>\n\n<div class=\"t2-featured-query-post t2-featured-content is-post-type-news wp-block-t2-featured-query-post t2-featured-content-layout-col-4\"><a class=\"t2-post-link wp-block-t2-post-link\" href=\"https:\/\/mentalhelse.no\/stange\/aktuelt\/mental-helse-stange-feiret-25-ar\/\">\n\t<figure style=\"--t2-focal-point: 50% 50%;\" class=\"t2-post-featured-image has-image-ratio-16-9 wp-block-t2-post-featured-image\"><img loading=\"lazy\" decoding=\"async\" width=\"1920\" height=\"2560\" src=\"https:\/\/mentalhelse.no\/content\/uploads\/sites\/207\/2024\/07\/1000000035-scaled.jpg\" class=\"attachment-post-thumbnail size-post-thumbnail wp-post-image\" alt=\"\" srcset=\"https:\/\/mentalhelse.no\/content\/uploads\/sites\/207\/2024\/07\/1000000035-scaled.jpg 1920w, https:\/\/mentalhelse.no\/content\/uploads\/sites\/207\/2024\/07\/1000000035-225x300.jpg 225w, https:\/\/mentalhelse.no\/content\/uploads\/sites\/207\/2024\/07\/1000000035-768x1024.jpg 768w, https:\/\/mentalhelse.no\/content\/uploads\/sites\/207\/2024\/07\/1000000035-1152x1536.jpg 1152w, https:\/\/mentalhelse.no\/content\/uploads\/sites\/207\/2024\/07\/1000000035-1536x2048.jpg 1536w\" sizes=\"auto, (max-width: 1920px) 100vw, 1920px\" style=\"--focal-point: 50% 50%;\" \/><\/figure>\n<\/a>\n\n<div class=\"wp-block-group postinfo alignfull is-layout-flow wp-block-group-is-layout-flow\">\n\t<div class=\"wp-block-mentalhelse-post-category\">\n\t\t\t\t\t<div class=\"post-type\">\n\t\t\t\t\t\t<a href=\"https:\/\/mentalhelse.no\/stange\/aktuelt\/\">Nyheter<\/a>\n\t\t\t\t\t<\/div>\n\t\t\t\t\t\n\t\t\t\t\t<div class=\"post-category\">\n\t\t\t\t\t\t\n\t\t\t\t\t<\/div>\n\t\t\t<\/div>\n\t<a class=\"t2-post-link wp-block-t2-post-link\" href=\"https:\/\/mentalhelse.no\/stange\/aktuelt\/mental-helse-stange-feiret-25-ar\/\">\n\t<h2 class=\"t2-post-title wp-block-t2-post-title\">Mental Helse Stange feiret 25 \u00e5r<\/h2>\n\t<\/a>\n<\/div>\n\n<\/div>\n\n\n<\/div>\n\n\t\t\t<\/div>\n\t\t<\/div>","protected":false},"excerpt":{"rendered":"<p>Tid: Onsdag 25.februar 2026 kl.18.00&nbsp;&nbsp;&nbsp;&nbsp; &nbsp;Sted: Meierig\u00e5rden, Stange Saksliste: Sak 1: &nbsp;&nbsp;&nbsp;&nbsp;&nbsp;&nbsp;&nbsp;&nbsp;&nbsp;&nbsp;&nbsp;&nbsp;&nbsp;&nbsp;&nbsp;&nbsp; \u00c5pning\/konstituering av m\u00f8tet Sak 2: &nbsp;&nbsp;&nbsp;&nbsp;&nbsp;&nbsp;&nbsp;&nbsp;&nbsp;&nbsp;&nbsp;&nbsp;&nbsp;&nbsp;&nbsp;&nbsp; \u00c5rsberetning for \u00e5rsm\u00f8teperioden Sak 3: &nbsp;&nbsp;&nbsp;&nbsp;&nbsp;&nbsp;&nbsp;&nbsp;&nbsp;&nbsp;&nbsp;&nbsp;&nbsp;&nbsp;&nbsp;&nbsp; Revidert&#8230;<\/p>\n","protected":false},"author":99,"featured_media":1114,"parent":0,"template":"","meta":{"t2_featured_media_focal_point":{"x":0.5,"y":0.5},"mh_hide_title":true},"news_category":[],"class_list":["post-1103","news","type-news","status-publish","has-post-thumbnail","hentry"],"yoast_head":"<!-- This site is optimized with the Yoast SEO Premium plugin v21.2 (Yoast SEO v21.2) - https:\/\/yoast.com\/wordpress\/plugins\/seo\/ -->\n<title>Innkalling til \u00e5rsm\u00f8te i Mental Helse Mental Helse - Stange 2026 - Mental Helse - Stange<\/title>\n<meta name=\"robots\" content=\"index, follow, max-snippet:-1, max-image-preview:large, max-video-preview:-1\" \/>\n<link rel=\"canonical\" href=\"https:\/\/mentalhelse.no\/stange\/aktuelt\/innkalling-til-arsmote-i-mental-helse-stange-2026\/\" \/>\n<meta property=\"og:locale\" content=\"nb_NO\" \/>\n<meta property=\"og:type\" content=\"article\" \/>\n<meta property=\"og:title\" content=\"Innkalling til \u00e5rsm\u00f8te i Mental Helse Stange 2026\" \/>\n<meta property=\"og:description\" content=\"Tid: Onsdag 25.februar 2026 kl.18.00&nbsp;&nbsp;&nbsp;&nbsp; &nbsp;Sted: Meierig\u00e5rden, Stange Saksliste: Sak 1: &nbsp;&nbsp;&nbsp;&nbsp;&nbsp;&nbsp;&nbsp;&nbsp;&nbsp;&nbsp;&nbsp;&nbsp;&nbsp;&nbsp;&nbsp;&nbsp; \u00c5pning\/konstituering av m\u00f8tet Sak 2: &nbsp;&nbsp;&nbsp;&nbsp;&nbsp;&nbsp;&nbsp;&nbsp;&nbsp;&nbsp;&nbsp;&nbsp;&nbsp;&nbsp;&nbsp;&nbsp; \u00c5rsberetning for \u00e5rsm\u00f8teperioden Sak 3: &nbsp;&nbsp;&nbsp;&nbsp;&nbsp;&nbsp;&nbsp;&nbsp;&nbsp;&nbsp;&nbsp;&nbsp;&nbsp;&nbsp;&nbsp;&nbsp; Revidert...\" \/>\n<meta property=\"og:url\" content=\"https:\/\/mentalhelse.no\/stange\/aktuelt\/innkalling-til-arsmote-i-mental-helse-stange-2026\/\" \/>\n<meta property=\"og:site_name\" content=\"Stange\" \/>\n<meta property=\"article:modified_time\" content=\"2026-01-26T21:26:07+00:00\" \/>\n<meta property=\"og:image\" content=\"https:\/\/mentalhelse.no\/content\/uploads\/sites\/207\/2026\/01\/Arsmote-2026-1024x559.png\" \/>\n\t<meta property=\"og:image:width\" content=\"1024\" \/>\n\t<meta property=\"og:image:height\" content=\"559\" \/>\n\t<meta property=\"og:image:type\" content=\"image\/png\" \/>\n<meta name=\"twitter:card\" content=\"summary_large_image\" \/>\n<meta name=\"twitter:label1\" content=\"Ansl. lesetid\" \/>\n\t<meta name=\"twitter:data1\" content=\"2 minutter\" \/>\n<script type=\"application\/ld+json\" class=\"yoast-schema-graph\">{\"@context\":\"https:\/\/schema.org\",\"@graph\":[{\"@type\":\"WebPage\",\"@id\":\"https:\/\/mentalhelse.no\/stange\/aktuelt\/innkalling-til-arsmote-i-mental-helse-stange-2026\/\",\"url\":\"https:\/\/mentalhelse.no\/stange\/aktuelt\/innkalling-til-arsmote-i-mental-helse-stange-2026\/\",\"name\":\"Innkalling til \u00e5rsm\u00f8te i Mental Helse Stange 2026 - Stange\",\"isPartOf\":{\"@id\":\"https:\/\/mentalhelse.no\/stange\/#website\"},\"datePublished\":\"2026-01-26T20:38:33+00:00\",\"dateModified\":\"2026-01-26T21:26:07+00:00\",\"breadcrumb\":{\"@id\":\"https:\/\/mentalhelse.no\/stange\/aktuelt\/innkalling-til-arsmote-i-mental-helse-stange-2026\/#breadcrumb\"},\"inLanguage\":\"nb-NO\",\"potentialAction\":[{\"@type\":\"ReadAction\",\"target\":[\"https:\/\/mentalhelse.no\/stange\/aktuelt\/innkalling-til-arsmote-i-mental-helse-stange-2026\/\"]}]},{\"@type\":\"BreadcrumbList\",\"@id\":\"https:\/\/mentalhelse.no\/stange\/aktuelt\/innkalling-til-arsmote-i-mental-helse-stange-2026\/#breadcrumb\",\"itemListElement\":[{\"@type\":\"ListItem\",\"position\":1,\"name\":\"Hjem\",\"item\":\"https:\/\/mentalhelse.no\/stange\/\"},{\"@type\":\"ListItem\",\"position\":2,\"name\":\"Nyheter\",\"item\":\"https:\/\/mentalhelse.no\/stange\/aktuelt\/\"},{\"@type\":\"ListItem\",\"position\":3,\"name\":\"Innkalling til \u00e5rsm\u00f8te i Mental Helse Stange 2026\"}]},{\"@type\":\"WebSite\",\"@id\":\"https:\/\/mentalhelse.no\/stange\/#website\",\"url\":\"https:\/\/mentalhelse.no\/stange\/\",\"name\":\"Stange\",\"description\":\"\",\"potentialAction\":[{\"@type\":\"SearchAction\",\"target\":{\"@type\":\"EntryPoint\",\"urlTemplate\":\"https:\/\/mentalhelse.no\/stange\/?s={search_term_string}\"},\"query-input\":\"required name=search_term_string\"}],\"inLanguage\":\"nb-NO\"}]}<\/script>\n<!-- \/ Yoast SEO Premium plugin. -->","yoast_head_json":{"title":"Innkalling til \u00e5rsm\u00f8te i Mental Helse Mental Helse - Stange 2026 - Mental Helse - Stange","robots":{"index":"index","follow":"follow","max-snippet":"max-snippet:-1","max-image-preview":"max-image-preview:large","max-video-preview":"max-video-preview:-1"},"canonical":"https:\/\/mentalhelse.no\/stange\/aktuelt\/innkalling-til-arsmote-i-mental-helse-stange-2026\/","og_locale":"nb_NO","og_type":"article","og_title":"Innkalling til \u00e5rsm\u00f8te i Mental Helse Stange 2026","og_description":"Tid: Onsdag 25.februar 2026 kl.18.00&nbsp;&nbsp;&nbsp;&nbsp; &nbsp;Sted: Meierig\u00e5rden, Stange Saksliste: Sak 1: &nbsp;&nbsp;&nbsp;&nbsp;&nbsp;&nbsp;&nbsp;&nbsp;&nbsp;&nbsp;&nbsp;&nbsp;&nbsp;&nbsp;&nbsp;&nbsp; \u00c5pning\/konstituering av m\u00f8tet Sak 2: &nbsp;&nbsp;&nbsp;&nbsp;&nbsp;&nbsp;&nbsp;&nbsp;&nbsp;&nbsp;&nbsp;&nbsp;&nbsp;&nbsp;&nbsp;&nbsp; \u00c5rsberetning for \u00e5rsm\u00f8teperioden Sak 3: &nbsp;&nbsp;&nbsp;&nbsp;&nbsp;&nbsp;&nbsp;&nbsp;&nbsp;&nbsp;&nbsp;&nbsp;&nbsp;&nbsp;&nbsp;&nbsp; Revidert...","og_url":"https:\/\/mentalhelse.no\/stange\/aktuelt\/innkalling-til-arsmote-i-mental-helse-stange-2026\/","og_site_name":"Stange","article_modified_time":"2026-01-26T21:26:07+00:00","og_image":[{"width":1024,"height":559,"url":"https:\/\/mentalhelse.no\/content\/uploads\/sites\/207\/2026\/01\/Arsmote-2026-1024x559.png","type":"image\/png"}],"twitter_card":"summary_large_image","twitter_misc":{"Ansl. lesetid":"2 minutter"},"schema":{"@context":"https:\/\/schema.org","@graph":[{"@type":"WebPage","@id":"https:\/\/mentalhelse.no\/stange\/aktuelt\/innkalling-til-arsmote-i-mental-helse-stange-2026\/","url":"https:\/\/mentalhelse.no\/stange\/aktuelt\/innkalling-til-arsmote-i-mental-helse-stange-2026\/","name":"Innkalling til \u00e5rsm\u00f8te i Mental Helse Stange 2026 - Stange","isPartOf":{"@id":"https:\/\/mentalhelse.no\/stange\/#website"},"datePublished":"2026-01-26T20:38:33+00:00","dateModified":"2026-01-26T21:26:07+00:00","breadcrumb":{"@id":"https:\/\/mentalhelse.no\/stange\/aktuelt\/innkalling-til-arsmote-i-mental-helse-stange-2026\/#breadcrumb"},"inLanguage":"nb-NO","potentialAction":[{"@type":"ReadAction","target":["https:\/\/mentalhelse.no\/stange\/aktuelt\/innkalling-til-arsmote-i-mental-helse-stange-2026\/"]}]},{"@type":"BreadcrumbList","@id":"https:\/\/mentalhelse.no\/stange\/aktuelt\/innkalling-til-arsmote-i-mental-helse-stange-2026\/#breadcrumb","itemListElement":[{"@type":"ListItem","position":1,"name":"Hjem","item":"https:\/\/mentalhelse.no\/stange\/"},{"@type":"ListItem","position":2,"name":"Nyheter","item":"https:\/\/mentalhelse.no\/stange\/aktuelt\/"},{"@type":"ListItem","position":3,"name":"Innkalling til \u00e5rsm\u00f8te i Mental Helse Stange 2026"}]},{"@type":"WebSite","@id":"https:\/\/mentalhelse.no\/stange\/#website","url":"https:\/\/mentalhelse.no\/stange\/","name":"Stange","description":"","potentialAction":[{"@type":"SearchAction","target":{"@type":"EntryPoint","urlTemplate":"https:\/\/mentalhelse.no\/stange\/?s={search_term_string}"},"query-input":"required name=search_term_string"}],"inLanguage":"nb-NO"}]}},"_links":{"self":[{"href":"https:\/\/mentalhelse.no\/stange\/wp-json\/wp\/v2\/news\/1103","targetHints":{"allow":["GET"]}}],"collection":[{"href":"https:\/\/mentalhelse.no\/stange\/wp-json\/wp\/v2\/news"}],"about":[{"href":"https:\/\/mentalhelse.no\/stange\/wp-json\/wp\/v2\/types\/news"}],"author":[{"embeddable":true,"href":"https:\/\/mentalhelse.no\/stange\/wp-json\/wp\/v2\/users\/99"}],"wp:featuredmedia":[{"embeddable":true,"href":"https:\/\/mentalhelse.no\/stange\/wp-json\/wp\/v2\/media\/1114"}],"wp:attachment":[{"href":"https:\/\/mentalhelse.no\/stange\/wp-json\/wp\/v2\/media?parent=1103"}],"wp:term":[{"taxonomy":"news_category","embeddable":true,"href":"https:\/\/mentalhelse.no\/stange\/wp-json\/wp\/v2\/news_category?post=1103"}],"curies":[{"name":"wp","href":"https:\/\/api.w.org\/{rel}","templated":true}]}}