{"id":1266,"date":"2025-03-15T12:59:19","date_gmt":"2025-03-15T12:59:19","guid":{"rendered":"https:\/\/mentalhelse.no\/sunndal\/?post_type=news&#038;p=1266"},"modified":"2025-03-15T14:32:06","modified_gmt":"2025-03-15T14:32:06","slug":"arsmotet-2025-i-havn","status":"publish","type":"news","link":"https:\/\/mentalhelse.no\/sunndal\/aktuelt\/arsmotet-2025-i-havn\/","title":{"rendered":"\u00c5rsm\u00f8tet 2025 i havn"},"content":{"rendered":"<figure class=\"alignwide wp-block-post-featured-image\"><img loading=\"lazy\" decoding=\"async\" width=\"1280\" height=\"853\" src=\"https:\/\/mentalhelse.no\/content\/uploads\/sites\/227\/2025\/03\/laptop-3196481_1280.jpg\" class=\"attachment-post-thumbnail size-post-thumbnail wp-post-image\" alt=\"\" style=\"object-fit:cover; --focal-point: 50% 50%;\" srcset=\"https:\/\/mentalhelse.no\/content\/uploads\/sites\/227\/2025\/03\/laptop-3196481_1280.jpg 1280w, https:\/\/mentalhelse.no\/content\/uploads\/sites\/227\/2025\/03\/laptop-3196481_1280-300x200.jpg 300w, https:\/\/mentalhelse.no\/content\/uploads\/sites\/227\/2025\/03\/laptop-3196481_1280-1024x682.jpg 1024w, https:\/\/mentalhelse.no\/content\/uploads\/sites\/227\/2025\/03\/laptop-3196481_1280-768x512.jpg 768w\" sizes=\"auto, (max-width: 1280px) 100vw, 1280px\" \/><\/figure>\n\n<h1 class=\"wp-block-post-title\">\u00c5rsm\u00f8tet 2025 i havn<\/h1>\n\n\n<p>\u00c5rsm\u00f8tet ble gjennomf\u00f8rt med 12 medlemmer + styret, og lagets fadder Oddrun Beyer Holm.<\/p>\n\n\n<div class=\"is-img-top mh-byline wp-block-mh-byline\">\n                  <div class=\"mh-byline__inner\">\n                  \t\n                  \t<div class=\"mh-byline__meta\">\n                  \t\t<div class=\"mh-byline__post\">\n                  \t\t\t<div class=\"entry-date\">15.03.2025<\/div>\n                  \t\t<\/div>\n                  \t\t<div class=\"mh-byline__author\">\n                  \t\t\t <span class=\"mh-byline__author-link\">lagsunndal<\/span>\n\t\t\t\t\t\t<\/div>\n\t\t\t\t\t<\/div>\n\t\t\t\t<\/div>\n\t\t<\/div>\n\n\n<h2 class=\"wp-block-heading\" id=\"h-honorar-til-styret\">Honorar til styret<\/h2>\n\n\n\n<p>Leder: kr.5.000,- &nbsp;&nbsp;&nbsp;&nbsp; 5 stemmer \u2013 forslaget falt<\/p>\n\n\n\n<p>            kr.3.000,-&nbsp;&nbsp;&nbsp;&nbsp;&nbsp; <strong>9 stemmer \u2013 forslaget fikk flertall<\/strong><\/p>\n\n\n\n<p>Forslag:&nbsp;Nestleder, kr.3.000,- &nbsp;&nbsp;&nbsp;&nbsp;&nbsp;&nbsp;&nbsp;&nbsp; <strong>7 stemmer &#8211; flertall<\/strong><\/p>\n\n\n\n<p>Forslag:&nbsp;Sekret\u00e6r, kr.3.000,-&nbsp;&nbsp;&nbsp;&nbsp;&nbsp;&nbsp;&nbsp;&nbsp;&nbsp;&nbsp; <strong>7 stemmer &#8211; flertall<\/strong> &nbsp;&nbsp;&nbsp;&nbsp;&nbsp;&nbsp;&nbsp;&nbsp;&nbsp;&nbsp;&nbsp; <\/p>\n\n\n\n<p>Forslag:&nbsp;Kasserer, kr.3.000,-&nbsp;&nbsp;&nbsp;&nbsp;&nbsp;      <strong>9 stemmer \u2013 flertall<\/strong><\/p>\n\n\n\n<p>Forslag:&nbsp;Styremedlem, kr.1.000,-&nbsp;&nbsp; <strong>11 stemmer \u2013 flertall<\/strong><\/p>\n\n\n\n<figure class=\"wp-block-image size-large\"><img loading=\"lazy\" decoding=\"async\" width=\"1024\" height=\"673\" src=\"https:\/\/mentalhelse.no\/content\/uploads\/sites\/227\/2023\/07\/sunndal2-1024x673.jpg\" alt=\"\" class=\"wp-image-993\" srcset=\"https:\/\/mentalhelse.no\/content\/uploads\/sites\/227\/2023\/07\/sunndal2-1024x673.jpg 1024w, https:\/\/mentalhelse.no\/content\/uploads\/sites\/227\/2023\/07\/sunndal2-300x197.jpg 300w, https:\/\/mentalhelse.no\/content\/uploads\/sites\/227\/2023\/07\/sunndal2-768x505.jpg 768w, https:\/\/mentalhelse.no\/content\/uploads\/sites\/227\/2023\/07\/sunndal2-1536x1010.jpg 1536w, https:\/\/mentalhelse.no\/content\/uploads\/sites\/227\/2023\/07\/sunndal2.jpg 1900w\" sizes=\"auto, (max-width: 1024px) 100vw, 1024px\" \/><\/figure>\n\n\n\n\t\t<div class=\"mh-related-posts alignfull alignfull wp-block-mentalhelse-related-posts gray-mode\">\n\t\t\t<div class=\"mh-related-posts__inner\">\n\t\t\t\t\n\n<h3 class=\"wp-block-heading\" id=\"h-also-read\">Also read<\/h3>\n\n\n<div class=\"t2-featured-content-layout alignwide alignwide wp-block-t2-featured-content-layout\">\n<div class=\"t2-featured-query-post t2-featured-content is-post-type-news wp-block-t2-featured-query-post t2-featured-content-layout-col-4\"><a class=\"t2-post-link wp-block-t2-post-link\" href=\"https:\/\/mentalhelse.no\/sunndal\/aktuelt\/julebord-2025\/\">\n\t<figure style=\"--t2-focal-point: 50% 50%;\" class=\"t2-post-featured-image has-image-ratio-16-9 wp-block-t2-post-featured-image\"><img loading=\"lazy\" decoding=\"async\" width=\"2048\" height=\"946\" src=\"https:\/\/mentalhelse.no\/content\/uploads\/sites\/227\/2025\/12\/2917f8b3-85cb-488f-ba2a-6af9a68fe9f9.jpeg\" class=\"attachment-post-thumbnail size-post-thumbnail wp-post-image\" alt=\"\" srcset=\"https:\/\/mentalhelse.no\/content\/uploads\/sites\/227\/2025\/12\/2917f8b3-85cb-488f-ba2a-6af9a68fe9f9.jpeg 2048w, https:\/\/mentalhelse.no\/content\/uploads\/sites\/227\/2025\/12\/2917f8b3-85cb-488f-ba2a-6af9a68fe9f9-300x139.jpeg 300w, https:\/\/mentalhelse.no\/content\/uploads\/sites\/227\/2025\/12\/2917f8b3-85cb-488f-ba2a-6af9a68fe9f9-1024x473.jpeg 1024w, https:\/\/mentalhelse.no\/content\/uploads\/sites\/227\/2025\/12\/2917f8b3-85cb-488f-ba2a-6af9a68fe9f9-768x355.jpeg 768w, https:\/\/mentalhelse.no\/content\/uploads\/sites\/227\/2025\/12\/2917f8b3-85cb-488f-ba2a-6af9a68fe9f9-1536x710.jpeg 1536w\" sizes=\"auto, (max-width: 2048px) 100vw, 2048px\" style=\"--focal-point: 50% 50%;\" \/><\/figure>\n<\/a>\n\n<div class=\"wp-block-group postinfo alignfull is-layout-flow wp-block-group-is-layout-flow\">\n\t<div class=\"wp-block-mentalhelse-post-category\">\n\t\t\t\t\t<div class=\"post-type\">\n\t\t\t\t\t\t<a href=\"https:\/\/mentalhelse.no\/sunndal\/aktuelt\/\">Nyheter<\/a>\n\t\t\t\t\t<\/div>\n\t\t\t\t\t\n\t\t\t\t\t<div class=\"post-category\">\n\t\t\t\t\t\t\n\t\t\t\t\t<\/div>\n\t\t\t<\/div>\n\t<a class=\"t2-post-link wp-block-t2-post-link\" href=\"https:\/\/mentalhelse.no\/sunndal\/aktuelt\/julebord-2025\/\">\n\t<h2 class=\"t2-post-title wp-block-t2-post-title\">Julebord 2025<\/h2>\n\t<\/a>\n<\/div>\n\n<\/div>\n\n<div class=\"t2-featured-query-post t2-featured-content is-post-type-news wp-block-t2-featured-query-post t2-featured-content-layout-col-4\"><a class=\"t2-post-link wp-block-t2-post-link\" href=\"https:\/\/mentalhelse.no\/sunndal\/aktuelt\/sommerfest-14-juni-2025\/\">\n\t<figure style=\"--t2-focal-point: 50% 50%;\" class=\"t2-post-featured-image has-image-ratio-16-9 wp-block-t2-post-featured-image\"><img loading=\"lazy\" decoding=\"async\" width=\"729\" height=\"849\" src=\"https:\/\/mentalhelse.no\/content\/uploads\/sites\/227\/2025\/06\/Plakat.png\" class=\"attachment-post-thumbnail size-post-thumbnail wp-post-image\" alt=\"\" srcset=\"https:\/\/mentalhelse.no\/content\/uploads\/sites\/227\/2025\/06\/Plakat.png 729w, https:\/\/mentalhelse.no\/content\/uploads\/sites\/227\/2025\/06\/Plakat-258x300.png 258w\" sizes=\"auto, (max-width: 729px) 100vw, 729px\" style=\"--focal-point: 50% 50%;\" \/><\/figure>\n<\/a>\n\n<div class=\"wp-block-group postinfo alignfull is-layout-flow wp-block-group-is-layout-flow\">\n\t<div class=\"wp-block-mentalhelse-post-category\">\n\t\t\t\t\t<div class=\"post-type\">\n\t\t\t\t\t\t<a href=\"https:\/\/mentalhelse.no\/sunndal\/aktuelt\/\">Nyheter<\/a>\n\t\t\t\t\t<\/div>\n\t\t\t\t\t\n\t\t\t\t\t<div class=\"post-category\">\n\t\t\t\t\t\t\n\t\t\t\t\t<\/div>\n\t\t\t<\/div>\n\t<a class=\"t2-post-link wp-block-t2-post-link\" href=\"https:\/\/mentalhelse.no\/sunndal\/aktuelt\/sommerfest-14-juni-2025\/\">\n\t<h2 class=\"t2-post-title wp-block-t2-post-title\">SOMMERFEST 14. JUNI 2025<\/h2>\n\t<\/a>\n<\/div>\n\n<\/div>\n\n<div class=\"t2-featured-query-post t2-featured-content is-post-type-news wp-block-t2-featured-query-post t2-featured-content-layout-col-4\"><a class=\"t2-post-link wp-block-t2-post-link\" href=\"https:\/\/mentalhelse.no\/sunndal\/aktuelt\/kurs-i-funkis-30-mai-2025\/\">\n\t<figure style=\"--t2-focal-point: 50% 50%;\" class=\"t2-post-featured-image has-image-ratio-16-9 wp-block-t2-post-featured-image\"><img loading=\"lazy\" decoding=\"async\" width=\"2048\" height=\"1536\" src=\"https:\/\/mentalhelse.no\/content\/uploads\/sites\/227\/2025\/06\/3b7bf82d-4cd2-49ff-aa72-46228a65e9af.jpg\" class=\"attachment-post-thumbnail size-post-thumbnail wp-post-image\" alt=\"\" srcset=\"https:\/\/mentalhelse.no\/content\/uploads\/sites\/227\/2025\/06\/3b7bf82d-4cd2-49ff-aa72-46228a65e9af.jpg 2048w, https:\/\/mentalhelse.no\/content\/uploads\/sites\/227\/2025\/06\/3b7bf82d-4cd2-49ff-aa72-46228a65e9af-300x225.jpg 300w, https:\/\/mentalhelse.no\/content\/uploads\/sites\/227\/2025\/06\/3b7bf82d-4cd2-49ff-aa72-46228a65e9af-1024x768.jpg 1024w, https:\/\/mentalhelse.no\/content\/uploads\/sites\/227\/2025\/06\/3b7bf82d-4cd2-49ff-aa72-46228a65e9af-768x576.jpg 768w, https:\/\/mentalhelse.no\/content\/uploads\/sites\/227\/2025\/06\/3b7bf82d-4cd2-49ff-aa72-46228a65e9af-1536x1152.jpg 1536w\" sizes=\"auto, (max-width: 2048px) 100vw, 2048px\" style=\"--focal-point: 50% 50%;\" \/><\/figure>\n<\/a>\n\n<div class=\"wp-block-group postinfo alignfull is-layout-flow wp-block-group-is-layout-flow\">\n\t<div class=\"wp-block-mentalhelse-post-category\">\n\t\t\t\t\t<div class=\"post-type\">\n\t\t\t\t\t\t<a href=\"https:\/\/mentalhelse.no\/sunndal\/aktuelt\/\">Nyheter<\/a>\n\t\t\t\t\t<\/div>\n\t\t\t\t\t\n\t\t\t\t\t<div class=\"post-category\">\n\t\t\t\t\t\t\n\t\t\t\t\t<\/div>\n\t\t\t<\/div>\n\t<a class=\"t2-post-link wp-block-t2-post-link\" href=\"https:\/\/mentalhelse.no\/sunndal\/aktuelt\/kurs-i-funkis-30-mai-2025\/\">\n\t<h2 class=\"t2-post-title wp-block-t2-post-title\">Kurs i Funkis 30.mai 2025<\/h2>\n\t<\/a>\n<\/div>\n\n<\/div>\n<\/div>\n\n\t\t\t<\/div>\n\t\t<\/div>","protected":false},"excerpt":{"rendered":"<p>\u00c5rsm\u00f8tet ble gjennomf\u00f8rt med 12 medlemmer + styret, og lagets fadder Oddrun Beyer Holm. Honorar til styret Leder: kr.5.000,- &nbsp;&nbsp;&nbsp;&nbsp; 5 stemmer \u2013 forslaget falt&#8230;<\/p>\n","protected":false},"author":56,"featured_media":1268,"parent":0,"template":"","meta":{"t2_featured_media_focal_point":{"x":0.5,"y":0.5},"mh_hide_title":true},"news_category":[],"class_list":["post-1266","news","type-news","status-publish","has-post-thumbnail","hentry"],"yoast_head":"<!-- This site is optimized with the Yoast SEO Premium plugin v21.2 (Yoast SEO v21.2) - https:\/\/yoast.com\/wordpress\/plugins\/seo\/ -->\n<title>\u00c5rsm\u00f8tet 2025 i havn - Mental Helse - Sunndal<\/title>\n<meta name=\"robots\" content=\"index, follow, max-snippet:-1, max-image-preview:large, max-video-preview:-1\" \/>\n<link rel=\"canonical\" href=\"https:\/\/mentalhelse.no\/sunndal\/aktuelt\/arsmotet-2025-i-havn\/\" \/>\n<meta property=\"og:locale\" content=\"nb_NO\" \/>\n<meta property=\"og:type\" content=\"article\" \/>\n<meta property=\"og:title\" content=\"\u00c5rsm\u00f8tet 2025 i havn\" \/>\n<meta property=\"og:description\" content=\"\u00c5rsm\u00f8tet ble gjennomf\u00f8rt med 12 medlemmer + styret, og lagets fadder Oddrun Beyer Holm. Honorar til styret Leder: kr.5.000,- &nbsp;&nbsp;&nbsp;&nbsp; 5 stemmer \u2013 forslaget falt...\" \/>\n<meta property=\"og:url\" content=\"https:\/\/mentalhelse.no\/sunndal\/aktuelt\/arsmotet-2025-i-havn\/\" \/>\n<meta property=\"og:site_name\" content=\"Sunndal\" \/>\n<meta property=\"article:modified_time\" content=\"2025-03-15T14:32:06+00:00\" \/>\n<meta property=\"og:image\" content=\"https:\/\/mentalhelse.no\/content\/uploads\/sites\/227\/2025\/03\/laptop-3196481_1280.jpg\" \/>\n\t<meta property=\"og:image:width\" content=\"1280\" \/>\n\t<meta property=\"og:image:height\" content=\"853\" \/>\n\t<meta property=\"og:image:type\" content=\"image\/jpeg\" \/>\n<meta name=\"twitter:card\" content=\"summary_large_image\" \/>\n<meta name=\"twitter:label1\" content=\"Ansl. lesetid\" \/>\n\t<meta name=\"twitter:data1\" content=\"1 minutt\" \/>\n<script type=\"application\/ld+json\" class=\"yoast-schema-graph\">{\"@context\":\"https:\/\/schema.org\",\"@graph\":[{\"@type\":\"WebPage\",\"@id\":\"https:\/\/mentalhelse.no\/sunndal\/aktuelt\/arsmotet-2025-i-havn\/\",\"url\":\"https:\/\/mentalhelse.no\/sunndal\/aktuelt\/arsmotet-2025-i-havn\/\",\"name\":\"\u00c5rsm\u00f8tet 2025 i havn - Sunndal\",\"isPartOf\":{\"@id\":\"https:\/\/mentalhelse.no\/sunndal\/#website\"},\"datePublished\":\"2025-03-15T12:59:19+00:00\",\"dateModified\":\"2025-03-15T14:32:06+00:00\",\"breadcrumb\":{\"@id\":\"https:\/\/mentalhelse.no\/sunndal\/aktuelt\/arsmotet-2025-i-havn\/#breadcrumb\"},\"inLanguage\":\"nb-NO\",\"potentialAction\":[{\"@type\":\"ReadAction\",\"target\":[\"https:\/\/mentalhelse.no\/sunndal\/aktuelt\/arsmotet-2025-i-havn\/\"]}]},{\"@type\":\"BreadcrumbList\",\"@id\":\"https:\/\/mentalhelse.no\/sunndal\/aktuelt\/arsmotet-2025-i-havn\/#breadcrumb\",\"itemListElement\":[{\"@type\":\"ListItem\",\"position\":1,\"name\":\"Hjem\",\"item\":\"https:\/\/mentalhelse.no\/sunndal\/\"},{\"@type\":\"ListItem\",\"position\":2,\"name\":\"Nyheter\",\"item\":\"https:\/\/mentalhelse.no\/sunndal\/aktuelt\/\"},{\"@type\":\"ListItem\",\"position\":3,\"name\":\"\u00c5rsm\u00f8tet 2025 i havn\"}]},{\"@type\":\"WebSite\",\"@id\":\"https:\/\/mentalhelse.no\/sunndal\/#website\",\"url\":\"https:\/\/mentalhelse.no\/sunndal\/\",\"name\":\"Sunndal\",\"description\":\"\",\"potentialAction\":[{\"@type\":\"SearchAction\",\"target\":{\"@type\":\"EntryPoint\",\"urlTemplate\":\"https:\/\/mentalhelse.no\/sunndal\/?s={search_term_string}\"},\"query-input\":\"required name=search_term_string\"}],\"inLanguage\":\"nb-NO\"}]}<\/script>\n<!-- \/ Yoast SEO Premium plugin. -->","yoast_head_json":{"title":"\u00c5rsm\u00f8tet 2025 i havn - Mental Helse - Sunndal","robots":{"index":"index","follow":"follow","max-snippet":"max-snippet:-1","max-image-preview":"max-image-preview:large","max-video-preview":"max-video-preview:-1"},"canonical":"https:\/\/mentalhelse.no\/sunndal\/aktuelt\/arsmotet-2025-i-havn\/","og_locale":"nb_NO","og_type":"article","og_title":"\u00c5rsm\u00f8tet 2025 i havn","og_description":"\u00c5rsm\u00f8tet ble gjennomf\u00f8rt med 12 medlemmer + styret, og lagets fadder Oddrun Beyer Holm. Honorar til styret Leder: kr.5.000,- &nbsp;&nbsp;&nbsp;&nbsp; 5 stemmer \u2013 forslaget falt...","og_url":"https:\/\/mentalhelse.no\/sunndal\/aktuelt\/arsmotet-2025-i-havn\/","og_site_name":"Sunndal","article_modified_time":"2025-03-15T14:32:06+00:00","og_image":[{"width":1280,"height":853,"url":"https:\/\/mentalhelse.no\/content\/uploads\/sites\/227\/2025\/03\/laptop-3196481_1280.jpg","type":"image\/jpeg"}],"twitter_card":"summary_large_image","twitter_misc":{"Ansl. lesetid":"1 minutt"},"schema":{"@context":"https:\/\/schema.org","@graph":[{"@type":"WebPage","@id":"https:\/\/mentalhelse.no\/sunndal\/aktuelt\/arsmotet-2025-i-havn\/","url":"https:\/\/mentalhelse.no\/sunndal\/aktuelt\/arsmotet-2025-i-havn\/","name":"\u00c5rsm\u00f8tet 2025 i havn - Sunndal","isPartOf":{"@id":"https:\/\/mentalhelse.no\/sunndal\/#website"},"datePublished":"2025-03-15T12:59:19+00:00","dateModified":"2025-03-15T14:32:06+00:00","breadcrumb":{"@id":"https:\/\/mentalhelse.no\/sunndal\/aktuelt\/arsmotet-2025-i-havn\/#breadcrumb"},"inLanguage":"nb-NO","potentialAction":[{"@type":"ReadAction","target":["https:\/\/mentalhelse.no\/sunndal\/aktuelt\/arsmotet-2025-i-havn\/"]}]},{"@type":"BreadcrumbList","@id":"https:\/\/mentalhelse.no\/sunndal\/aktuelt\/arsmotet-2025-i-havn\/#breadcrumb","itemListElement":[{"@type":"ListItem","position":1,"name":"Hjem","item":"https:\/\/mentalhelse.no\/sunndal\/"},{"@type":"ListItem","position":2,"name":"Nyheter","item":"https:\/\/mentalhelse.no\/sunndal\/aktuelt\/"},{"@type":"ListItem","position":3,"name":"\u00c5rsm\u00f8tet 2025 i havn"}]},{"@type":"WebSite","@id":"https:\/\/mentalhelse.no\/sunndal\/#website","url":"https:\/\/mentalhelse.no\/sunndal\/","name":"Sunndal","description":"","potentialAction":[{"@type":"SearchAction","target":{"@type":"EntryPoint","urlTemplate":"https:\/\/mentalhelse.no\/sunndal\/?s={search_term_string}"},"query-input":"required name=search_term_string"}],"inLanguage":"nb-NO"}]}},"_links":{"self":[{"href":"https:\/\/mentalhelse.no\/sunndal\/wp-json\/wp\/v2\/news\/1266","targetHints":{"allow":["GET"]}}],"collection":[{"href":"https:\/\/mentalhelse.no\/sunndal\/wp-json\/wp\/v2\/news"}],"about":[{"href":"https:\/\/mentalhelse.no\/sunndal\/wp-json\/wp\/v2\/types\/news"}],"author":[{"embeddable":true,"href":"https:\/\/mentalhelse.no\/sunndal\/wp-json\/wp\/v2\/users\/56"}],"wp:featuredmedia":[{"embeddable":true,"href":"https:\/\/mentalhelse.no\/sunndal\/wp-json\/wp\/v2\/media\/1268"}],"wp:attachment":[{"href":"https:\/\/mentalhelse.no\/sunndal\/wp-json\/wp\/v2\/media?parent=1266"}],"wp:term":[{"taxonomy":"news_category","embeddable":true,"href":"https:\/\/mentalhelse.no\/sunndal\/wp-json\/wp\/v2\/news_category?post=1266"}],"curies":[{"name":"wp","href":"https:\/\/api.w.org\/{rel}","templated":true}]}}