{"id":1046,"date":"2025-03-15T13:03:09","date_gmt":"2025-03-15T13:03:09","guid":{"rendered":"https:\/\/mentalhelse.no\/sykkylven\/?post_type=news&#038;p=1046"},"modified":"2025-03-15T14:14:03","modified_gmt":"2025-03-15T14:14:03","slug":"arsmote-2025","status":"publish","type":"news","link":"https:\/\/mentalhelse.no\/sykkylven\/aktuelt\/arsmote-2025\/","title":{"rendered":"\u00c5rsm\u00f8te 2025"},"content":{"rendered":"<figure class=\"alignwide wp-block-post-featured-image\"><img loading=\"lazy\" decoding=\"async\" width=\"1852\" height=\"728\" src=\"https:\/\/mentalhelse.no\/content\/uploads\/sites\/228\/2025\/03\/Bilde-1.jpg\" class=\"attachment-post-thumbnail size-post-thumbnail wp-post-image\" alt=\"\" style=\"object-fit:cover; --focal-point: 50% 50%;\" srcset=\"https:\/\/mentalhelse.no\/content\/uploads\/sites\/228\/2025\/03\/Bilde-1.jpg 1852w, https:\/\/mentalhelse.no\/content\/uploads\/sites\/228\/2025\/03\/Bilde-1-300x118.jpg 300w, https:\/\/mentalhelse.no\/content\/uploads\/sites\/228\/2025\/03\/Bilde-1-1024x403.jpg 1024w, https:\/\/mentalhelse.no\/content\/uploads\/sites\/228\/2025\/03\/Bilde-1-768x302.jpg 768w, https:\/\/mentalhelse.no\/content\/uploads\/sites\/228\/2025\/03\/Bilde-1-1536x604.jpg 1536w\" sizes=\"auto, (max-width: 1852px) 100vw, 1852px\" \/><\/figure>\n\n<h1 class=\"wp-block-post-title\">\u00c5rsm\u00f8te 2025<\/h1>\n\n\n<p><strong>Vel gjennomf\u00f8rt \u00e5rsm\u00f8te i Mental Helse Sykkylven 27. februar.<\/strong><\/p>\n\n\n\n<p>15. stk. kom og deltok p\u00e5 \u00e5rsm\u00f8tet. Kjekt at s\u00e5 mange ville v\u00e6re med p\u00e5 \u00e5 bestemme hva Mental Helse Sykkylven skal fokusere p\u00e5 i 2025.<\/p>\n\n\n\n<p><a href=\"https:\/\/www.facebook.com\/\">https:\/\/www.facebook.com\/<\/a><\/p>\n\n\n<div class=\"t2-files wp-block-t2-files\">\n<div class=\"t2-file-item wp-block-t2-file-item\">\n\t\t<a href=\"https:\/\/mentalhelse.no\/content\/uploads\/sites\/228\/2025\/03\/2025-02-27-Mental-Helse-Sykkylven-Arsmoteprotokoll.pdf\" class=\"t2-file-item__link t2-file-item__link--icon-left\" download>\n\t\t\t<span class=\"t2-file-item__icon\"><svg xmlns=\"http:\/\/www.w3.org\/2000\/svg\" viewBox=\"0 0 24 24\" height=\"24\" width=\"24\" class=\"t2-icon t2-icon-mh-download\" aria-hidden=\"true\" focusable=\"false\"><path fill-rule=\"evenodd\" clip-rule=\"evenodd\" d=\"M12 2.5C12.2761 2.5 12.5 2.72386 12.5 3V13.7929L16.6464 9.64645C16.8417 9.45118 17.1583 9.45118 17.3536 9.64645C17.5488 9.84171 17.5488 10.1583 17.3536 10.3536L12.3536 15.3536C12.1583 15.5488 11.8417 15.5488 11.6464 15.3536L6.64645 10.3536C6.45118 10.1583 6.45118 9.84171 6.64645 9.64645C6.84171 9.45118 7.15829 9.45118 7.35355 9.64645L11.5 13.7929V3C11.5 2.72386 11.7239 2.5 12 2.5Z\" fill=\"currentColor\"\/><path fill-rule=\"evenodd\" clip-rule=\"evenodd\" d=\"M3 14.5C3.27614 14.5 3.5 14.7239 3.5 15V19C3.5 19.3978 3.65803 19.7793 3.93935 20.0607C4.22064 20.342 4.60217 20.5 5 20.5H19C19.3978 20.5 19.7793 20.342 20.0606 20.0606C20.342 19.7793 20.5 19.3978 20.5 19V15C20.5 14.7239 20.7239 14.5 21 14.5C21.2761 14.5 21.5 14.7239 21.5 15V19C21.5 19.663 21.2366 20.2989 20.7678 20.7678C20.2989 21.2366 19.663 21.5 19 21.5H5C4.33697 21.5 3.70107 21.2366 3.23222 20.7677C3.23222 20.7677 3.23222 20.7677 3.23222 20.7677C2.76339 20.2989 2.5 19.663 2.5 19V15C2.5 14.7239 2.72386 14.5 3 14.5Z\" fill=\"currentColor\"\/><\/svg><\/span>\n\t\t\t<span class=\"t2-file-item__info\">\n\t\t\t\t<span class=\"t2-file-item__filename\">2025-02-27-Mental-Helse-Sykkylven-Arsmoteprotokoll<\/span>\n\t\t\t\t\n\t\t\t\t<span class=\"t2-file-item__meta\">pdf \u00b7 729 KB<\/span>\n\t\t\t<\/span>\n\t\t<\/a>\n\t\t<\/div>\n<\/div>\n\n\n\t\t<div class=\"mh-related-posts alignfull alignfull wp-block-mentalhelse-related-posts gray-mode\">\n\t\t\t<div class=\"mh-related-posts__inner\">\n\t\t\t\t\n\n<h3 class=\"wp-block-heading\" id=\"h-also-read\">Also read<\/h3>\n\n\n<div class=\"t2-featured-content-layout alignwide alignwide wp-block-t2-featured-content-layout\">\n<div class=\"t2-featured-query-post t2-featured-content is-post-type-news news_category-kurs wp-block-t2-featured-query-post t2-featured-content-layout-col-4\"><a class=\"t2-post-link wp-block-t2-post-link\" href=\"https:\/\/mentalhelse.no\/sykkylven\/aktuelt\/store-nyheiter-i-mental-helse-sykkylven\/\">\n\t<figure style=\"--t2-focal-point: 50% 50%;\" class=\"t2-post-featured-image has-image-ratio-16-9 wp-block-t2-post-featured-image\"><img loading=\"lazy\" decoding=\"async\" width=\"800\" height=\"509\" src=\"https:\/\/mentalhelse.no\/content\/uploads\/sites\/228\/2023\/07\/Sykkylven.jpg\" class=\"attachment-post-thumbnail size-post-thumbnail wp-post-image\" alt=\"\" srcset=\"https:\/\/mentalhelse.no\/content\/uploads\/sites\/228\/2023\/07\/Sykkylven.jpg 800w, https:\/\/mentalhelse.no\/content\/uploads\/sites\/228\/2023\/07\/Sykkylven-300x191.jpg 300w, https:\/\/mentalhelse.no\/content\/uploads\/sites\/228\/2023\/07\/Sykkylven-768x489.jpg 768w\" sizes=\"auto, (max-width: 800px) 100vw, 800px\" style=\"--focal-point: 50% 50%;\" \/><\/figure>\n<\/a>\n\n<div class=\"wp-block-group postinfo alignfull is-layout-flow wp-block-group-is-layout-flow\">\n\t<div class=\"wp-block-mentalhelse-post-category\">\n\t\t\t\t\t<div class=\"post-type\">\n\t\t\t\t\t\t<a href=\"https:\/\/mentalhelse.no\/sykkylven\/aktuelt\/\">Nyheter<\/a>\n\t\t\t\t\t<\/div>\n\t\t\t\t\t<div class=\"separator\"><\/div>\n\t\t\t\t\t<div class=\"post-category\">\n\t\t\t\t\t\t<a href=\"https:\/\/mentalhelse.no\/sykkylven\/aktuelt-kategori\/kurs\/\">Kurs<\/a>\n\t\t\t\t\t<\/div>\n\t\t\t<\/div>\n\t<a class=\"t2-post-link wp-block-t2-post-link\" href=\"https:\/\/mentalhelse.no\/sykkylven\/aktuelt\/store-nyheiter-i-mental-helse-sykkylven\/\">\n\t<h2 class=\"t2-post-title wp-block-t2-post-title\">Store nyheiter i Mental Helse Sykkylven.<\/h2>\n\t<\/a>\n<\/div>\n\n<\/div>\n\n\n\n\n<\/div>\n\n\t\t\t<\/div>\n\t\t<\/div>","protected":false},"excerpt":{"rendered":"<p>Vel gjennomf\u00f8rt \u00e5rsm\u00f8te i Mental Helse Sykkylven 27. februar. 15. stk. kom og deltok p\u00e5 \u00e5rsm\u00f8tet. Kjekt at s\u00e5 mange ville v\u00e6re med p\u00e5 \u00e5&#8230;<\/p>\n","protected":false},"author":100,"featured_media":1049,"parent":0,"template":"","meta":{"t2_featured_media_focal_point":{"x":0.5,"y":0.5},"mh_hide_title":true},"news_category":[],"class_list":["post-1046","news","type-news","status-publish","has-post-thumbnail","hentry"],"yoast_head":"<!-- This site is optimized with the Yoast SEO Premium plugin v21.2 (Yoast SEO v21.2) - https:\/\/yoast.com\/wordpress\/plugins\/seo\/ -->\n<title>\u00c5rsm\u00f8te 2025 - Mental Helse - Sykkylven<\/title>\n<meta name=\"robots\" content=\"index, follow, max-snippet:-1, max-image-preview:large, max-video-preview:-1\" \/>\n<link rel=\"canonical\" href=\"https:\/\/mentalhelse.no\/sykkylven\/aktuelt\/arsmote-2025\/\" \/>\n<meta property=\"og:locale\" content=\"nb_NO\" \/>\n<meta property=\"og:type\" content=\"article\" \/>\n<meta property=\"og:title\" content=\"\u00c5rsm\u00f8te 2025\" \/>\n<meta property=\"og:description\" content=\"Vel gjennomf\u00f8rt \u00e5rsm\u00f8te i Mental Helse Sykkylven 27. februar. 15. stk. kom og deltok p\u00e5 \u00e5rsm\u00f8tet. Kjekt at s\u00e5 mange ville v\u00e6re med p\u00e5 \u00e5...\" \/>\n<meta property=\"og:url\" content=\"https:\/\/mentalhelse.no\/sykkylven\/aktuelt\/arsmote-2025\/\" \/>\n<meta property=\"og:site_name\" content=\"Sykkylven\" \/>\n<meta property=\"article:modified_time\" content=\"2025-03-15T14:14:03+00:00\" \/>\n<meta property=\"og:image\" content=\"https:\/\/mentalhelse.no\/content\/uploads\/sites\/228\/2025\/03\/Bilde-1.jpg\" \/>\n\t<meta property=\"og:image:width\" content=\"1852\" \/>\n\t<meta property=\"og:image:height\" content=\"728\" \/>\n\t<meta property=\"og:image:type\" content=\"image\/jpeg\" \/>\n<meta name=\"twitter:card\" content=\"summary_large_image\" \/>\n<meta name=\"twitter:label1\" content=\"Ansl. lesetid\" \/>\n\t<meta name=\"twitter:data1\" content=\"1 minutt\" \/>\n<script type=\"application\/ld+json\" class=\"yoast-schema-graph\">{\"@context\":\"https:\/\/schema.org\",\"@graph\":[{\"@type\":\"WebPage\",\"@id\":\"https:\/\/mentalhelse.no\/sykkylven\/aktuelt\/arsmote-2025\/\",\"url\":\"https:\/\/mentalhelse.no\/sykkylven\/aktuelt\/arsmote-2025\/\",\"name\":\"\u00c5rsm\u00f8te 2025 - Sykkylven\",\"isPartOf\":{\"@id\":\"https:\/\/mentalhelse.no\/sykkylven\/#website\"},\"datePublished\":\"2025-03-15T13:03:09+00:00\",\"dateModified\":\"2025-03-15T14:14:03+00:00\",\"breadcrumb\":{\"@id\":\"https:\/\/mentalhelse.no\/sykkylven\/aktuelt\/arsmote-2025\/#breadcrumb\"},\"inLanguage\":\"nb-NO\",\"potentialAction\":[{\"@type\":\"ReadAction\",\"target\":[\"https:\/\/mentalhelse.no\/sykkylven\/aktuelt\/arsmote-2025\/\"]}]},{\"@type\":\"BreadcrumbList\",\"@id\":\"https:\/\/mentalhelse.no\/sykkylven\/aktuelt\/arsmote-2025\/#breadcrumb\",\"itemListElement\":[{\"@type\":\"ListItem\",\"position\":1,\"name\":\"Hjem\",\"item\":\"https:\/\/mentalhelse.no\/sykkylven\/\"},{\"@type\":\"ListItem\",\"position\":2,\"name\":\"Nyheter\",\"item\":\"https:\/\/mentalhelse.no\/sykkylven\/aktuelt\/\"},{\"@type\":\"ListItem\",\"position\":3,\"name\":\"\u00c5rsm\u00f8te 2025\"}]},{\"@type\":\"WebSite\",\"@id\":\"https:\/\/mentalhelse.no\/sykkylven\/#website\",\"url\":\"https:\/\/mentalhelse.no\/sykkylven\/\",\"name\":\"Sykkylven\",\"description\":\"\",\"potentialAction\":[{\"@type\":\"SearchAction\",\"target\":{\"@type\":\"EntryPoint\",\"urlTemplate\":\"https:\/\/mentalhelse.no\/sykkylven\/?s={search_term_string}\"},\"query-input\":\"required name=search_term_string\"}],\"inLanguage\":\"nb-NO\"}]}<\/script>\n<!-- \/ Yoast SEO Premium plugin. -->","yoast_head_json":{"title":"\u00c5rsm\u00f8te 2025 - Mental Helse - Sykkylven","robots":{"index":"index","follow":"follow","max-snippet":"max-snippet:-1","max-image-preview":"max-image-preview:large","max-video-preview":"max-video-preview:-1"},"canonical":"https:\/\/mentalhelse.no\/sykkylven\/aktuelt\/arsmote-2025\/","og_locale":"nb_NO","og_type":"article","og_title":"\u00c5rsm\u00f8te 2025","og_description":"Vel gjennomf\u00f8rt \u00e5rsm\u00f8te i Mental Helse Sykkylven 27. februar. 15. stk. kom og deltok p\u00e5 \u00e5rsm\u00f8tet. Kjekt at s\u00e5 mange ville v\u00e6re med p\u00e5 \u00e5...","og_url":"https:\/\/mentalhelse.no\/sykkylven\/aktuelt\/arsmote-2025\/","og_site_name":"Sykkylven","article_modified_time":"2025-03-15T14:14:03+00:00","og_image":[{"width":1852,"height":728,"url":"https:\/\/mentalhelse.no\/content\/uploads\/sites\/228\/2025\/03\/Bilde-1.jpg","type":"image\/jpeg"}],"twitter_card":"summary_large_image","twitter_misc":{"Ansl. lesetid":"1 minutt"},"schema":{"@context":"https:\/\/schema.org","@graph":[{"@type":"WebPage","@id":"https:\/\/mentalhelse.no\/sykkylven\/aktuelt\/arsmote-2025\/","url":"https:\/\/mentalhelse.no\/sykkylven\/aktuelt\/arsmote-2025\/","name":"\u00c5rsm\u00f8te 2025 - Sykkylven","isPartOf":{"@id":"https:\/\/mentalhelse.no\/sykkylven\/#website"},"datePublished":"2025-03-15T13:03:09+00:00","dateModified":"2025-03-15T14:14:03+00:00","breadcrumb":{"@id":"https:\/\/mentalhelse.no\/sykkylven\/aktuelt\/arsmote-2025\/#breadcrumb"},"inLanguage":"nb-NO","potentialAction":[{"@type":"ReadAction","target":["https:\/\/mentalhelse.no\/sykkylven\/aktuelt\/arsmote-2025\/"]}]},{"@type":"BreadcrumbList","@id":"https:\/\/mentalhelse.no\/sykkylven\/aktuelt\/arsmote-2025\/#breadcrumb","itemListElement":[{"@type":"ListItem","position":1,"name":"Hjem","item":"https:\/\/mentalhelse.no\/sykkylven\/"},{"@type":"ListItem","position":2,"name":"Nyheter","item":"https:\/\/mentalhelse.no\/sykkylven\/aktuelt\/"},{"@type":"ListItem","position":3,"name":"\u00c5rsm\u00f8te 2025"}]},{"@type":"WebSite","@id":"https:\/\/mentalhelse.no\/sykkylven\/#website","url":"https:\/\/mentalhelse.no\/sykkylven\/","name":"Sykkylven","description":"","potentialAction":[{"@type":"SearchAction","target":{"@type":"EntryPoint","urlTemplate":"https:\/\/mentalhelse.no\/sykkylven\/?s={search_term_string}"},"query-input":"required name=search_term_string"}],"inLanguage":"nb-NO"}]}},"_links":{"self":[{"href":"https:\/\/mentalhelse.no\/sykkylven\/wp-json\/wp\/v2\/news\/1046","targetHints":{"allow":["GET"]}}],"collection":[{"href":"https:\/\/mentalhelse.no\/sykkylven\/wp-json\/wp\/v2\/news"}],"about":[{"href":"https:\/\/mentalhelse.no\/sykkylven\/wp-json\/wp\/v2\/types\/news"}],"author":[{"embeddable":true,"href":"https:\/\/mentalhelse.no\/sykkylven\/wp-json\/wp\/v2\/users\/100"}],"wp:featuredmedia":[{"embeddable":true,"href":"https:\/\/mentalhelse.no\/sykkylven\/wp-json\/wp\/v2\/media\/1049"}],"wp:attachment":[{"href":"https:\/\/mentalhelse.no\/sykkylven\/wp-json\/wp\/v2\/media?parent=1046"}],"wp:term":[{"taxonomy":"news_category","embeddable":true,"href":"https:\/\/mentalhelse.no\/sykkylven\/wp-json\/wp\/v2\/news_category?post=1046"}],"curies":[{"name":"wp","href":"https:\/\/api.w.org\/{rel}","templated":true}]}}