{"id":1051,"date":"2025-03-15T13:00:23","date_gmt":"2025-03-15T13:00:23","guid":{"rendered":"https:\/\/mentalhelse.no\/sykkylven\/?post_type=news&#038;p=1051"},"modified":"2025-03-15T14:41:14","modified_gmt":"2025-03-15T14:41:14","slug":"store-nyheiter-i-mental-helse-sykkylven","status":"publish","type":"news","link":"https:\/\/mentalhelse.no\/sykkylven\/aktuelt\/store-nyheiter-i-mental-helse-sykkylven\/","title":{"rendered":"Store nyheiter i Mental Helse Sykkylven."},"content":{"rendered":"<figure class=\"alignwide wp-block-post-featured-image\"><img loading=\"lazy\" decoding=\"async\" width=\"800\" height=\"509\" src=\"https:\/\/mentalhelse.no\/content\/uploads\/sites\/228\/2023\/07\/Sykkylven.jpg\" class=\"attachment-post-thumbnail size-post-thumbnail wp-post-image\" alt=\"\" style=\"object-fit:cover; --focal-point: 50% 50%;\" srcset=\"https:\/\/mentalhelse.no\/content\/uploads\/sites\/228\/2023\/07\/Sykkylven.jpg 800w, https:\/\/mentalhelse.no\/content\/uploads\/sites\/228\/2023\/07\/Sykkylven-300x191.jpg 300w, https:\/\/mentalhelse.no\/content\/uploads\/sites\/228\/2023\/07\/Sykkylven-768x489.jpg 768w\" sizes=\"auto, (max-width: 800px) 100vw, 800px\" \/><\/figure>\n\n<h1 class=\"wp-block-post-title\">Store nyheiter i Mental Helse Sykkylven.<\/h1>\n\n<div class=\"is-img-top mh-byline wp-block-mh-byline\">\n                  <div class=\"mh-byline__inner\">\n                  \t\n                  \t<div class=\"mh-byline__meta\">\n                  \t\t<div class=\"mh-byline__post\">\n                  \t\t\t<a href=\"https:\/\/mentalhelse.no\/sykkylven\/aktuelt-kategori\/kurs\/\" class=\"mh-byline__category-link\">Kurs<\/a><div class=\"entry-date\">15.03.2025<\/div>\n                  \t\t<\/div>\n                  \t\t<div class=\"mh-byline__author\">\n                  \t\t\t <span class=\"mh-byline__author-link\">lagsykkylven<\/span>\n\t\t\t\t\t\t<\/div>\n\t\t\t\t\t<\/div>\n\t\t\t\t<\/div>\n\t\t<\/div>\n\n\n<h2 class=\"wp-block-heading\" id=\"h-viktig-at-alle-far-med-seg-dette\">Viktig at alle f\u00e5r med seg dette<\/h2>\n\n\n\n<h2 class=\"wp-block-heading\" id=\"h-styret-i-mental-helse-sykkylven-har-3-medlemmer-pa-kurs-i-dag-det-blir-gitt-opplaering-pa-a-lage-nye-innlegg-pa-hjemmesiden-var-i-sykkylven\">Styret i Mental Helse Sykkylven har 3 medlemmer p\u00e5 kurs i dag. Det blir gitt oppl\u00e6ring p\u00e5 \u00e5 lage nye innlegg p\u00e5 hjemmesiden v\u00e5r i Sykkylven.<\/h2>\n\n\n\n\t\t<div class=\"mh-related-posts alignfull alignfull wp-block-mentalhelse-related-posts gray-mode\">\n\t\t\t<div class=\"mh-related-posts__inner\">\n\t\t\t\t\n\n<h3 class=\"wp-block-heading\" id=\"h-also-read\">Also read<\/h3>\n\n\n<div class=\"t2-featured-content-layout alignwide alignwide wp-block-t2-featured-content-layout\">\n<div class=\"t2-featured-query-post t2-featured-content is-post-type-news wp-block-t2-featured-query-post t2-featured-content-layout-col-4\"><a class=\"t2-post-link wp-block-t2-post-link\" href=\"https:\/\/mentalhelse.no\/sykkylven\/aktuelt\/arsmote-2025\/\">\n\t<figure style=\"--t2-focal-point: 50% 50%;\" class=\"t2-post-featured-image has-image-ratio-16-9 wp-block-t2-post-featured-image\"><img loading=\"lazy\" decoding=\"async\" width=\"1852\" height=\"728\" src=\"https:\/\/mentalhelse.no\/content\/uploads\/sites\/228\/2025\/03\/Bilde-1.jpg\" class=\"attachment-post-thumbnail size-post-thumbnail wp-post-image\" alt=\"\" srcset=\"https:\/\/mentalhelse.no\/content\/uploads\/sites\/228\/2025\/03\/Bilde-1.jpg 1852w, https:\/\/mentalhelse.no\/content\/uploads\/sites\/228\/2025\/03\/Bilde-1-300x118.jpg 300w, https:\/\/mentalhelse.no\/content\/uploads\/sites\/228\/2025\/03\/Bilde-1-1024x403.jpg 1024w, https:\/\/mentalhelse.no\/content\/uploads\/sites\/228\/2025\/03\/Bilde-1-768x302.jpg 768w, https:\/\/mentalhelse.no\/content\/uploads\/sites\/228\/2025\/03\/Bilde-1-1536x604.jpg 1536w\" sizes=\"auto, (max-width: 1852px) 100vw, 1852px\" style=\"--focal-point: 50% 50%;\" \/><\/figure>\n<\/a>\n\n<div class=\"wp-block-group postinfo alignfull is-layout-flow wp-block-group-is-layout-flow\">\n\t<div class=\"wp-block-mentalhelse-post-category\">\n\t\t\t\t\t<div class=\"post-type\">\n\t\t\t\t\t\t<a href=\"https:\/\/mentalhelse.no\/sykkylven\/aktuelt\/\">Nyheter<\/a>\n\t\t\t\t\t<\/div>\n\t\t\t\t\t\n\t\t\t\t\t<div class=\"post-category\">\n\t\t\t\t\t\t\n\t\t\t\t\t<\/div>\n\t\t\t<\/div>\n\t<a class=\"t2-post-link wp-block-t2-post-link\" href=\"https:\/\/mentalhelse.no\/sykkylven\/aktuelt\/arsmote-2025\/\">\n\t<h2 class=\"t2-post-title wp-block-t2-post-title\">\u00c5rsm\u00f8te 2025<\/h2>\n\t<\/a>\n<\/div>\n\n<\/div>\n\n\n\n\n<\/div>\n\n\t\t\t<\/div>\n\t\t<\/div>","protected":false},"excerpt":{"rendered":"<p>Viktig at alle f\u00e5r med seg dette Styret i Mental Helse Sykkylven har 3 medlemmer p\u00e5 kurs i dag. Det blir gitt oppl\u00e6ring p\u00e5 \u00e5&#8230;<\/p>\n","protected":false},"author":100,"featured_media":993,"parent":0,"template":"","meta":{"t2_featured_media_focal_point":{"x":0.5,"y":0.5},"mh_hide_title":true},"news_category":[48],"class_list":["post-1051","news","type-news","status-publish","has-post-thumbnail","hentry","news_category-kurs"],"yoast_head":"<!-- This site is optimized with the Yoast SEO Premium plugin v21.2 (Yoast SEO v21.2) - https:\/\/yoast.com\/wordpress\/plugins\/seo\/ -->\n<title>Store nyheiter i Mental Helse Mental Helse - Sykkylven. - Mental Helse - Sykkylven<\/title>\n<meta name=\"description\" content=\"https:\/\/mentalhelse.no\/sykkylven\/wp-admin\/edit.php?post_type=news\" \/>\n<meta name=\"robots\" content=\"index, follow, max-snippet:-1, max-image-preview:large, max-video-preview:-1\" \/>\n<link rel=\"canonical\" href=\"https:\/\/mentalhelse.no\/sykkylven\/aktuelt\/store-nyheiter-i-mental-helse-sykkylven\/\" \/>\n<meta property=\"og:locale\" content=\"nb_NO\" \/>\n<meta property=\"og:type\" content=\"article\" \/>\n<meta property=\"og:title\" content=\"Store nyheiter i Mental Helse Sykkylven.\" \/>\n<meta property=\"og:description\" content=\"https:\/\/mentalhelse.no\/sykkylven\/wp-admin\/edit.php?post_type=news\" \/>\n<meta property=\"og:url\" content=\"https:\/\/mentalhelse.no\/sykkylven\/aktuelt\/store-nyheiter-i-mental-helse-sykkylven\/\" \/>\n<meta property=\"og:site_name\" content=\"Sykkylven\" \/>\n<meta property=\"article:modified_time\" content=\"2025-03-15T14:41:14+00:00\" \/>\n<meta property=\"og:image\" content=\"https:\/\/mentalhelse.no\/content\/uploads\/sites\/228\/2023\/07\/Sykkylven.jpg\" \/>\n\t<meta property=\"og:image:width\" content=\"800\" \/>\n\t<meta property=\"og:image:height\" content=\"509\" \/>\n\t<meta property=\"og:image:type\" content=\"image\/jpeg\" \/>\n<meta name=\"twitter:card\" content=\"summary_large_image\" \/>\n<meta name=\"twitter:label1\" content=\"Ansl. lesetid\" \/>\n\t<meta name=\"twitter:data1\" content=\"1 minutt\" \/>\n<script type=\"application\/ld+json\" class=\"yoast-schema-graph\">{\"@context\":\"https:\/\/schema.org\",\"@graph\":[{\"@type\":\"WebPage\",\"@id\":\"https:\/\/mentalhelse.no\/sykkylven\/aktuelt\/store-nyheiter-i-mental-helse-sykkylven\/\",\"url\":\"https:\/\/mentalhelse.no\/sykkylven\/aktuelt\/store-nyheiter-i-mental-helse-sykkylven\/\",\"name\":\"Store nyheiter i Mental Helse Sykkylven. - Sykkylven\",\"isPartOf\":{\"@id\":\"https:\/\/mentalhelse.no\/sykkylven\/#website\"},\"datePublished\":\"2025-03-15T13:00:23+00:00\",\"dateModified\":\"2025-03-15T14:41:14+00:00\",\"description\":\"https:\/\/mentalhelse.no\/sykkylven\/wp-admin\/edit.php?post_type=news\",\"breadcrumb\":{\"@id\":\"https:\/\/mentalhelse.no\/sykkylven\/aktuelt\/store-nyheiter-i-mental-helse-sykkylven\/#breadcrumb\"},\"inLanguage\":\"nb-NO\",\"potentialAction\":[{\"@type\":\"ReadAction\",\"target\":[\"https:\/\/mentalhelse.no\/sykkylven\/aktuelt\/store-nyheiter-i-mental-helse-sykkylven\/\"]}]},{\"@type\":\"BreadcrumbList\",\"@id\":\"https:\/\/mentalhelse.no\/sykkylven\/aktuelt\/store-nyheiter-i-mental-helse-sykkylven\/#breadcrumb\",\"itemListElement\":[{\"@type\":\"ListItem\",\"position\":1,\"name\":\"Hjem\",\"item\":\"https:\/\/mentalhelse.no\/sykkylven\/\"},{\"@type\":\"ListItem\",\"position\":2,\"name\":\"Nyheter\",\"item\":\"https:\/\/mentalhelse.no\/sykkylven\/aktuelt\/\"},{\"@type\":\"ListItem\",\"position\":3,\"name\":\"Store nyheiter i Mental Helse Sykkylven.\"}]},{\"@type\":\"WebSite\",\"@id\":\"https:\/\/mentalhelse.no\/sykkylven\/#website\",\"url\":\"https:\/\/mentalhelse.no\/sykkylven\/\",\"name\":\"Sykkylven\",\"description\":\"\",\"potentialAction\":[{\"@type\":\"SearchAction\",\"target\":{\"@type\":\"EntryPoint\",\"urlTemplate\":\"https:\/\/mentalhelse.no\/sykkylven\/?s={search_term_string}\"},\"query-input\":\"required name=search_term_string\"}],\"inLanguage\":\"nb-NO\"}]}<\/script>\n<!-- \/ Yoast SEO Premium plugin. -->","yoast_head_json":{"title":"Store nyheiter i Mental Helse Mental Helse - Sykkylven. - Mental Helse - Sykkylven","description":"https:\/\/mentalhelse.no\/sykkylven\/wp-admin\/edit.php?post_type=news","robots":{"index":"index","follow":"follow","max-snippet":"max-snippet:-1","max-image-preview":"max-image-preview:large","max-video-preview":"max-video-preview:-1"},"canonical":"https:\/\/mentalhelse.no\/sykkylven\/aktuelt\/store-nyheiter-i-mental-helse-sykkylven\/","og_locale":"nb_NO","og_type":"article","og_title":"Store nyheiter i Mental Helse Sykkylven.","og_description":"https:\/\/mentalhelse.no\/sykkylven\/wp-admin\/edit.php?post_type=news","og_url":"https:\/\/mentalhelse.no\/sykkylven\/aktuelt\/store-nyheiter-i-mental-helse-sykkylven\/","og_site_name":"Sykkylven","article_modified_time":"2025-03-15T14:41:14+00:00","og_image":[{"width":800,"height":509,"url":"https:\/\/mentalhelse.no\/content\/uploads\/sites\/228\/2023\/07\/Sykkylven.jpg","type":"image\/jpeg"}],"twitter_card":"summary_large_image","twitter_misc":{"Ansl. lesetid":"1 minutt"},"schema":{"@context":"https:\/\/schema.org","@graph":[{"@type":"WebPage","@id":"https:\/\/mentalhelse.no\/sykkylven\/aktuelt\/store-nyheiter-i-mental-helse-sykkylven\/","url":"https:\/\/mentalhelse.no\/sykkylven\/aktuelt\/store-nyheiter-i-mental-helse-sykkylven\/","name":"Store nyheiter i Mental Helse Sykkylven. - Sykkylven","isPartOf":{"@id":"https:\/\/mentalhelse.no\/sykkylven\/#website"},"datePublished":"2025-03-15T13:00:23+00:00","dateModified":"2025-03-15T14:41:14+00:00","description":"https:\/\/mentalhelse.no\/sykkylven\/wp-admin\/edit.php?post_type=news","breadcrumb":{"@id":"https:\/\/mentalhelse.no\/sykkylven\/aktuelt\/store-nyheiter-i-mental-helse-sykkylven\/#breadcrumb"},"inLanguage":"nb-NO","potentialAction":[{"@type":"ReadAction","target":["https:\/\/mentalhelse.no\/sykkylven\/aktuelt\/store-nyheiter-i-mental-helse-sykkylven\/"]}]},{"@type":"BreadcrumbList","@id":"https:\/\/mentalhelse.no\/sykkylven\/aktuelt\/store-nyheiter-i-mental-helse-sykkylven\/#breadcrumb","itemListElement":[{"@type":"ListItem","position":1,"name":"Hjem","item":"https:\/\/mentalhelse.no\/sykkylven\/"},{"@type":"ListItem","position":2,"name":"Nyheter","item":"https:\/\/mentalhelse.no\/sykkylven\/aktuelt\/"},{"@type":"ListItem","position":3,"name":"Store nyheiter i Mental Helse Sykkylven."}]},{"@type":"WebSite","@id":"https:\/\/mentalhelse.no\/sykkylven\/#website","url":"https:\/\/mentalhelse.no\/sykkylven\/","name":"Sykkylven","description":"","potentialAction":[{"@type":"SearchAction","target":{"@type":"EntryPoint","urlTemplate":"https:\/\/mentalhelse.no\/sykkylven\/?s={search_term_string}"},"query-input":"required name=search_term_string"}],"inLanguage":"nb-NO"}]}},"_links":{"self":[{"href":"https:\/\/mentalhelse.no\/sykkylven\/wp-json\/wp\/v2\/news\/1051","targetHints":{"allow":["GET"]}}],"collection":[{"href":"https:\/\/mentalhelse.no\/sykkylven\/wp-json\/wp\/v2\/news"}],"about":[{"href":"https:\/\/mentalhelse.no\/sykkylven\/wp-json\/wp\/v2\/types\/news"}],"author":[{"embeddable":true,"href":"https:\/\/mentalhelse.no\/sykkylven\/wp-json\/wp\/v2\/users\/100"}],"wp:featuredmedia":[{"embeddable":true,"href":"https:\/\/mentalhelse.no\/sykkylven\/wp-json\/wp\/v2\/media\/993"}],"wp:attachment":[{"href":"https:\/\/mentalhelse.no\/sykkylven\/wp-json\/wp\/v2\/media?parent=1051"}],"wp:term":[{"taxonomy":"news_category","embeddable":true,"href":"https:\/\/mentalhelse.no\/sykkylven\/wp-json\/wp\/v2\/news_category?post=1051"}],"curies":[{"name":"wp","href":"https:\/\/api.w.org\/{rel}","templated":true}]}}