{"id":1285,"date":"2025-01-13T11:39:50","date_gmt":"2025-01-13T11:39:50","guid":{"rendered":"https:\/\/mentalhelse.no\/trondelag\/?post_type=news&#038;p=1285"},"modified":"2025-01-13T11:39:50","modified_gmt":"2025-01-13T11:39:50","slug":"julegave-fra-tensio","status":"publish","type":"news","link":"https:\/\/mentalhelse.no\/trondelag\/aktuelt\/julegave-fra-tensio\/","title":{"rendered":"Julegave fra Tensio"},"content":{"rendered":"<figure class=\"alignleft wp-block-post-featured-image\"><img loading=\"lazy\" decoding=\"async\" width=\"1920\" height=\"2560\" src=\"https:\/\/mentalhelse.no\/content\/uploads\/sites\/195\/2025\/01\/IMG_4806-scaled.jpeg\" class=\"attachment-post-thumbnail size-post-thumbnail wp-post-image\" alt=\"\" style=\"object-fit:cover; --focal-point: 50% 50%;\" srcset=\"https:\/\/mentalhelse.no\/content\/uploads\/sites\/195\/2025\/01\/IMG_4806-scaled.jpeg 1920w, https:\/\/mentalhelse.no\/content\/uploads\/sites\/195\/2025\/01\/IMG_4806-225x300.jpeg 225w, https:\/\/mentalhelse.no\/content\/uploads\/sites\/195\/2025\/01\/IMG_4806-768x1024.jpeg 768w, https:\/\/mentalhelse.no\/content\/uploads\/sites\/195\/2025\/01\/IMG_4806-1152x1536.jpeg 1152w, https:\/\/mentalhelse.no\/content\/uploads\/sites\/195\/2025\/01\/IMG_4806-1536x2048.jpeg 1536w\" sizes=\"auto, (max-width: 1920px) 100vw, 1920px\" \/><\/figure>\n\n<h1 class=\"wp-block-post-title\">Julegave fra Tensio<\/h1>\n\n<div class=\"is-img-top mh-byline wp-block-mh-byline\">\n                  <div class=\"mh-byline__inner\">\n                  \t\n                  \t<div class=\"mh-byline__meta\">\n                  \t\t<div class=\"mh-byline__post\">\n                  \t\t\t<div class=\"entry-date\">13.01.2025<\/div>\n                  \t\t<\/div>\n                  \t\t<div class=\"mh-byline__author\">\n                  \t\t\t <span class=\"mh-byline__author-link\">lagtronder<\/span>\n\t\t\t\t\t\t<\/div>\n\t\t\t\t\t<\/div>\n\t\t\t\t<\/div>\n\t\t<\/div>\n\n\n<p>I desember ble vi kontaktet av Tensio, som kunne informere om at vi ble nominert med p\u00e5f\u00f8lgende avstemming p\u00e5 hvilke veldedige organisasjoner som skal motta julegave fra ansatte i Tensio i 2024.<\/p>\n\n\n\n<p><\/p>\n\n\n\n<p>Mental Helse Tr\u00f8ndelag, Norsk Luftambulanse og Matsentralen i Tr\u00f8ndelag var de heldig som ble stemt fram av dem ansatt i Tensio.<\/p>\n\n\n\n<p><\/p>\n\n\n\n<p>I den forbindelsen ble vi invitert til Tensio sine lokaler i Trondheim. Der vi m\u00f8tte konsernsjef Audhild Kvam og kommunikasjonssjef Bengt Eidem<\/p>\n\n\n\n<p><\/p>\n\n\n\n<p>Vi i Mental Helse Tr\u00f8ndelag er kjempetakknemlige, og ydmyk for gaven vi fikk fra ansatte i Tensio. Dette var en flott gave \u00e5 f\u00e5 til jul som Mental Helse Tr\u00f8ndelag skal bruke til viktige form\u00e5l.<\/p>\n\n\n\n\t\t<div class=\"t2-factbox wp-block-t2-factbox\" id=\"t2-factbox\">\n\t\t\t<div class=\"t2-factbox__content\">\n\t\t\t\t<div class=\"t2-factbox__blocks t2-factbox__inner-container\">\n\t\t\t\t\t\n\n<p>Tensio er et\u00a0konsern\u00a0med Tensio TS (Tr\u00f8ndelag s\u00f8r) og Tensio TN (Tr\u00f8ndelag nord) som datterselskaper. Tensio TN og Tensio TS tilsvarer det som tidligere var kjent som henholdsvis NTE Nett og Tr\u00f8nderEnergi Nett.<\/p>\n\n\n\n<p>Administrasjonssenteret v\u00e5rt ligger p\u00e5 Stj\u00f8rdal, og driftshovedkvarterene v\u00e5re ligger i Trondheim (Tensio TS) og i Steinkjer (Tensio TN).<\/p>\n\n\n\n<p>Tensio eies av NTE (40%), Tr\u00f8nderEnergi (40%) og KLP (20%).<\/p>\n\n\n\n<p>Kilde: <a href=\"http:\/\/tensio.no\">tensio.no<\/a><\/p>\n\n\n\t\t\t\t<\/div>\n\t\t\t\t\n\t\t\t<\/div>\n\t\t\t\n\t\t<\/div>\n\n\n\t\t<div class=\"mh-related-posts alignfull alignfull wp-block-mentalhelse-related-posts gray-mode\">\n\t\t\t<div class=\"mh-related-posts__inner\">\n\t\t\t\t\n\n<h3 class=\"wp-block-heading\" id=\"h-also-read\">Also read<\/h3>\n\n\n<div class=\"t2-featured-content-layout alignwide alignwide wp-block-t2-featured-content-layout\">\n<div class=\"t2-featured-query-post t2-featured-content is-post-type-news wp-block-t2-featured-query-post t2-featured-content-layout-col-4\"><a class=\"t2-post-link wp-block-t2-post-link\" href=\"https:\/\/mentalhelse.no\/trondelag\/aktuelt\/arsmote-mental-helse-trondelag-2026\/\">\n\t<figure style=\"--t2-focal-point: 50% 50%;\" class=\"t2-post-featured-image has-image-ratio-16-9 wp-block-t2-post-featured-image\"><img loading=\"lazy\" decoding=\"async\" width=\"862\" height=\"559\" src=\"https:\/\/mentalhelse.no\/content\/uploads\/sites\/195\/2026\/02\/Quality-Panorama-Tiller.jpg\" class=\"attachment-post-thumbnail size-post-thumbnail wp-post-image\" alt=\"\" srcset=\"https:\/\/mentalhelse.no\/content\/uploads\/sites\/195\/2026\/02\/Quality-Panorama-Tiller.jpg 862w, https:\/\/mentalhelse.no\/content\/uploads\/sites\/195\/2026\/02\/Quality-Panorama-Tiller-300x195.jpg 300w, https:\/\/mentalhelse.no\/content\/uploads\/sites\/195\/2026\/02\/Quality-Panorama-Tiller-768x498.jpg 768w\" sizes=\"auto, (max-width: 862px) 100vw, 862px\" style=\"--focal-point: 50% 50%;\" \/><\/figure>\n<\/a>\n\n<div class=\"wp-block-group postinfo alignfull is-layout-flow wp-block-group-is-layout-flow\">\n\t<div class=\"wp-block-mentalhelse-post-category\">\n\t\t\t\t\t<div class=\"post-type\">\n\t\t\t\t\t\t<a href=\"https:\/\/mentalhelse.no\/trondelag\/aktuelt\/\">Nyheter<\/a>\n\t\t\t\t\t<\/div>\n\t\t\t\t\t\n\t\t\t\t\t<div class=\"post-category\">\n\t\t\t\t\t\t\n\t\t\t\t\t<\/div>\n\t\t\t<\/div>\n\t<a class=\"t2-post-link wp-block-t2-post-link\" href=\"https:\/\/mentalhelse.no\/trondelag\/aktuelt\/arsmote-mental-helse-trondelag-2026\/\">\n\t<h2 class=\"t2-post-title wp-block-t2-post-title\">\u00c5RSM\u00d8TE MENTAL HELSE TR\u00d8NDELAG 2026<\/h2>\n\t<\/a>\n<\/div>\n\n<\/div>\n\n<div class=\"t2-featured-query-post t2-featured-content is-post-type-news wp-block-t2-featured-query-post t2-featured-content-layout-col-4\"><a class=\"t2-post-link wp-block-t2-post-link\" href=\"https:\/\/mentalhelse.no\/trondelag\/aktuelt\/lokallagssamling\/\">\n\t<figure style=\"--t2-focal-point: 50% 50%;\" class=\"t2-post-featured-image has-image-ratio-16-9 wp-block-t2-post-featured-image\"><img loading=\"lazy\" decoding=\"async\" width=\"2560\" height=\"1707\" src=\"https:\/\/mentalhelse.no\/content\/uploads\/sites\/195\/2026\/01\/IMG_7182-scaled.jpg\" class=\"attachment-post-thumbnail size-post-thumbnail wp-post-image\" alt=\"\" srcset=\"https:\/\/mentalhelse.no\/content\/uploads\/sites\/195\/2026\/01\/IMG_7182-scaled.jpg 2560w, https:\/\/mentalhelse.no\/content\/uploads\/sites\/195\/2026\/01\/IMG_7182-300x200.jpg 300w, https:\/\/mentalhelse.no\/content\/uploads\/sites\/195\/2026\/01\/IMG_7182-1024x683.jpg 1024w, https:\/\/mentalhelse.no\/content\/uploads\/sites\/195\/2026\/01\/IMG_7182-768x512.jpg 768w, https:\/\/mentalhelse.no\/content\/uploads\/sites\/195\/2026\/01\/IMG_7182-1536x1024.jpg 1536w, https:\/\/mentalhelse.no\/content\/uploads\/sites\/195\/2026\/01\/IMG_7182-2048x1365.jpg 2048w\" sizes=\"auto, (max-width: 2560px) 100vw, 2560px\" style=\"--focal-point: 50% 50%;\" \/><\/figure>\n<\/a>\n\n<div class=\"wp-block-group postinfo alignfull is-layout-flow wp-block-group-is-layout-flow\">\n\t<div class=\"wp-block-mentalhelse-post-category\">\n\t\t\t\t\t<div class=\"post-type\">\n\t\t\t\t\t\t<a href=\"https:\/\/mentalhelse.no\/trondelag\/aktuelt\/\">Nyheter<\/a>\n\t\t\t\t\t<\/div>\n\t\t\t\t\t\n\t\t\t\t\t<div class=\"post-category\">\n\t\t\t\t\t\t\n\t\t\t\t\t<\/div>\n\t\t\t<\/div>\n\t<a class=\"t2-post-link wp-block-t2-post-link\" href=\"https:\/\/mentalhelse.no\/trondelag\/aktuelt\/lokallagssamling\/\">\n\t<h2 class=\"t2-post-title wp-block-t2-post-title\">Lokallagssamling<\/h2>\n\t<\/a>\n<\/div>\n\n<\/div>\n\n<div class=\"t2-featured-query-post t2-featured-content is-post-type-news wp-block-t2-featured-query-post t2-featured-content-layout-col-4\"><a class=\"t2-post-link wp-block-t2-post-link\" href=\"https:\/\/mentalhelse.no\/trondelag\/aktuelt\/nytt-styre\/\">\n\t<figure style=\"--t2-focal-point: 50% 49%;\" class=\"t2-post-featured-image has-image-ratio-16-9 wp-block-t2-post-featured-image\"><img loading=\"lazy\" decoding=\"async\" width=\"2560\" height=\"1604\" src=\"https:\/\/mentalhelse.no\/content\/uploads\/sites\/195\/2025\/06\/20250614_131007-scaled.jpg\" class=\"attachment-post-thumbnail size-post-thumbnail wp-post-image\" alt=\"\" srcset=\"https:\/\/mentalhelse.no\/content\/uploads\/sites\/195\/2025\/06\/20250614_131007-scaled.jpg 2560w, https:\/\/mentalhelse.no\/content\/uploads\/sites\/195\/2025\/06\/20250614_131007-300x188.jpg 300w, https:\/\/mentalhelse.no\/content\/uploads\/sites\/195\/2025\/06\/20250614_131007-1024x642.jpg 1024w, https:\/\/mentalhelse.no\/content\/uploads\/sites\/195\/2025\/06\/20250614_131007-768x481.jpg 768w, https:\/\/mentalhelse.no\/content\/uploads\/sites\/195\/2025\/06\/20250614_131007-1536x963.jpg 1536w, https:\/\/mentalhelse.no\/content\/uploads\/sites\/195\/2025\/06\/20250614_131007-2048x1283.jpg 2048w\" sizes=\"auto, (max-width: 2560px) 100vw, 2560px\" style=\"--focal-point: 50% 49%;\" \/><\/figure>\n<\/a>\n\n<div class=\"wp-block-group postinfo alignfull is-layout-flow wp-block-group-is-layout-flow\">\n\t<div class=\"wp-block-mentalhelse-post-category\">\n\t\t\t\t\t<div class=\"post-type\">\n\t\t\t\t\t\t<a href=\"https:\/\/mentalhelse.no\/trondelag\/aktuelt\/\">Nyheter<\/a>\n\t\t\t\t\t<\/div>\n\t\t\t\t\t\n\t\t\t\t\t<div class=\"post-category\">\n\t\t\t\t\t\t\n\t\t\t\t\t<\/div>\n\t\t\t<\/div>\n\t<a class=\"t2-post-link wp-block-t2-post-link\" href=\"https:\/\/mentalhelse.no\/trondelag\/aktuelt\/nytt-styre\/\">\n\t<h2 class=\"t2-post-title wp-block-t2-post-title\">Nytt styre<\/h2>\n\t<\/a>\n<\/div>\n\n<\/div>\n<\/div>\n\n\t\t\t<\/div>\n\t\t<\/div>","protected":false},"excerpt":{"rendered":"<p>I desember ble vi kontaktet av Tensio, som kunne informere om at vi ble nominert med p\u00e5f\u00f8lgende avstemming p\u00e5 hvilke veldedige organisasjoner som skal motta&#8230;<\/p>\n","protected":false},"author":91,"featured_media":1286,"parent":0,"template":"","meta":{"t2_featured_media_focal_point":{"x":0.5,"y":0.5},"mh_hide_title":true},"news_category":[],"class_list":["post-1285","news","type-news","status-publish","has-post-thumbnail","hentry"],"yoast_head":"<!-- This site is optimized with the Yoast SEO Premium plugin v21.2 (Yoast SEO v21.2) - https:\/\/yoast.com\/wordpress\/plugins\/seo\/ -->\n<title>Julegave fra Tensio - Mental Helse - Tr\u00f8ndelag<\/title>\n<meta name=\"robots\" content=\"index, follow, max-snippet:-1, max-image-preview:large, max-video-preview:-1\" \/>\n<link rel=\"canonical\" href=\"https:\/\/mentalhelse.no\/trondelag\/aktuelt\/julegave-fra-tensio\/\" \/>\n<meta property=\"og:locale\" content=\"nb_NO\" \/>\n<meta property=\"og:type\" content=\"article\" \/>\n<meta property=\"og:title\" content=\"Julegave fra Tensio\" \/>\n<meta property=\"og:description\" content=\"I desember ble vi kontaktet av Tensio, som kunne informere om at vi ble nominert med p\u00e5f\u00f8lgende avstemming p\u00e5 hvilke veldedige organisasjoner som skal motta...\" \/>\n<meta property=\"og:url\" content=\"https:\/\/mentalhelse.no\/trondelag\/aktuelt\/julegave-fra-tensio\/\" \/>\n<meta property=\"og:site_name\" content=\"Tr\u00f8ndelag\" \/>\n<meta property=\"og:image\" content=\"https:\/\/mentalhelse.no\/content\/uploads\/sites\/195\/2025\/01\/IMG_4806-scaled.jpeg\" \/>\n\t<meta property=\"og:image:width\" content=\"1920\" \/>\n\t<meta property=\"og:image:height\" content=\"2560\" \/>\n\t<meta property=\"og:image:type\" content=\"image\/jpeg\" \/>\n<meta name=\"twitter:card\" content=\"summary_large_image\" \/>\n<meta name=\"twitter:label1\" content=\"Ansl. lesetid\" \/>\n\t<meta name=\"twitter:data1\" content=\"1 minutt\" \/>\n<script type=\"application\/ld+json\" class=\"yoast-schema-graph\">{\"@context\":\"https:\/\/schema.org\",\"@graph\":[{\"@type\":\"WebPage\",\"@id\":\"https:\/\/mentalhelse.no\/trondelag\/aktuelt\/julegave-fra-tensio\/\",\"url\":\"https:\/\/mentalhelse.no\/trondelag\/aktuelt\/julegave-fra-tensio\/\",\"name\":\"Julegave fra Tensio - Tr\u00f8ndelag\",\"isPartOf\":{\"@id\":\"https:\/\/mentalhelse.no\/trondelag\/#website\"},\"datePublished\":\"2025-01-13T11:39:50+00:00\",\"dateModified\":\"2025-01-13T11:39:50+00:00\",\"breadcrumb\":{\"@id\":\"https:\/\/mentalhelse.no\/trondelag\/aktuelt\/julegave-fra-tensio\/#breadcrumb\"},\"inLanguage\":\"nb-NO\",\"potentialAction\":[{\"@type\":\"ReadAction\",\"target\":[\"https:\/\/mentalhelse.no\/trondelag\/aktuelt\/julegave-fra-tensio\/\"]}]},{\"@type\":\"BreadcrumbList\",\"@id\":\"https:\/\/mentalhelse.no\/trondelag\/aktuelt\/julegave-fra-tensio\/#breadcrumb\",\"itemListElement\":[{\"@type\":\"ListItem\",\"position\":1,\"name\":\"Hjem\",\"item\":\"https:\/\/mentalhelse.no\/trondelag\/\"},{\"@type\":\"ListItem\",\"position\":2,\"name\":\"Nyheter\",\"item\":\"https:\/\/mentalhelse.no\/trondelag\/aktuelt\/\"},{\"@type\":\"ListItem\",\"position\":3,\"name\":\"Julegave fra Tensio\"}]},{\"@type\":\"WebSite\",\"@id\":\"https:\/\/mentalhelse.no\/trondelag\/#website\",\"url\":\"https:\/\/mentalhelse.no\/trondelag\/\",\"name\":\"Tr\u00f8ndelag\",\"description\":\"\",\"potentialAction\":[{\"@type\":\"SearchAction\",\"target\":{\"@type\":\"EntryPoint\",\"urlTemplate\":\"https:\/\/mentalhelse.no\/trondelag\/?s={search_term_string}\"},\"query-input\":\"required name=search_term_string\"}],\"inLanguage\":\"nb-NO\"}]}<\/script>\n<!-- \/ Yoast SEO Premium plugin. -->","yoast_head_json":{"title":"Julegave fra Tensio - Mental Helse - Tr\u00f8ndelag","robots":{"index":"index","follow":"follow","max-snippet":"max-snippet:-1","max-image-preview":"max-image-preview:large","max-video-preview":"max-video-preview:-1"},"canonical":"https:\/\/mentalhelse.no\/trondelag\/aktuelt\/julegave-fra-tensio\/","og_locale":"nb_NO","og_type":"article","og_title":"Julegave fra Tensio","og_description":"I desember ble vi kontaktet av Tensio, som kunne informere om at vi ble nominert med p\u00e5f\u00f8lgende avstemming p\u00e5 hvilke veldedige organisasjoner som skal motta...","og_url":"https:\/\/mentalhelse.no\/trondelag\/aktuelt\/julegave-fra-tensio\/","og_site_name":"Tr\u00f8ndelag","og_image":[{"width":1920,"height":2560,"url":"https:\/\/mentalhelse.no\/content\/uploads\/sites\/195\/2025\/01\/IMG_4806-scaled.jpeg","type":"image\/jpeg"}],"twitter_card":"summary_large_image","twitter_misc":{"Ansl. lesetid":"1 minutt"},"schema":{"@context":"https:\/\/schema.org","@graph":[{"@type":"WebPage","@id":"https:\/\/mentalhelse.no\/trondelag\/aktuelt\/julegave-fra-tensio\/","url":"https:\/\/mentalhelse.no\/trondelag\/aktuelt\/julegave-fra-tensio\/","name":"Julegave fra Tensio - Tr\u00f8ndelag","isPartOf":{"@id":"https:\/\/mentalhelse.no\/trondelag\/#website"},"datePublished":"2025-01-13T11:39:50+00:00","dateModified":"2025-01-13T11:39:50+00:00","breadcrumb":{"@id":"https:\/\/mentalhelse.no\/trondelag\/aktuelt\/julegave-fra-tensio\/#breadcrumb"},"inLanguage":"nb-NO","potentialAction":[{"@type":"ReadAction","target":["https:\/\/mentalhelse.no\/trondelag\/aktuelt\/julegave-fra-tensio\/"]}]},{"@type":"BreadcrumbList","@id":"https:\/\/mentalhelse.no\/trondelag\/aktuelt\/julegave-fra-tensio\/#breadcrumb","itemListElement":[{"@type":"ListItem","position":1,"name":"Hjem","item":"https:\/\/mentalhelse.no\/trondelag\/"},{"@type":"ListItem","position":2,"name":"Nyheter","item":"https:\/\/mentalhelse.no\/trondelag\/aktuelt\/"},{"@type":"ListItem","position":3,"name":"Julegave fra Tensio"}]},{"@type":"WebSite","@id":"https:\/\/mentalhelse.no\/trondelag\/#website","url":"https:\/\/mentalhelse.no\/trondelag\/","name":"Tr\u00f8ndelag","description":"","potentialAction":[{"@type":"SearchAction","target":{"@type":"EntryPoint","urlTemplate":"https:\/\/mentalhelse.no\/trondelag\/?s={search_term_string}"},"query-input":"required name=search_term_string"}],"inLanguage":"nb-NO"}]}},"_links":{"self":[{"href":"https:\/\/mentalhelse.no\/trondelag\/wp-json\/wp\/v2\/news\/1285","targetHints":{"allow":["GET"]}}],"collection":[{"href":"https:\/\/mentalhelse.no\/trondelag\/wp-json\/wp\/v2\/news"}],"about":[{"href":"https:\/\/mentalhelse.no\/trondelag\/wp-json\/wp\/v2\/types\/news"}],"author":[{"embeddable":true,"href":"https:\/\/mentalhelse.no\/trondelag\/wp-json\/wp\/v2\/users\/91"}],"wp:featuredmedia":[{"embeddable":true,"href":"https:\/\/mentalhelse.no\/trondelag\/wp-json\/wp\/v2\/media\/1286"}],"wp:attachment":[{"href":"https:\/\/mentalhelse.no\/trondelag\/wp-json\/wp\/v2\/media?parent=1285"}],"wp:term":[{"taxonomy":"news_category","embeddable":true,"href":"https:\/\/mentalhelse.no\/trondelag\/wp-json\/wp\/v2\/news_category?post=1285"}],"curies":[{"name":"wp","href":"https:\/\/api.w.org\/{rel}","templated":true}]}}