{"id":1332,"date":"2025-06-25T14:25:36","date_gmt":"2025-06-25T14:25:36","guid":{"rendered":"https:\/\/mentalhelse.no\/trondelag\/?post_type=news&#038;p=1332"},"modified":"2025-06-25T14:25:36","modified_gmt":"2025-06-25T14:25:36","slug":"nytt-styre","status":"publish","type":"news","link":"https:\/\/mentalhelse.no\/trondelag\/aktuelt\/nytt-styre\/","title":{"rendered":"Nytt styre"},"content":{"rendered":"<figure style=\"aspect-ratio:4\/3;\" class=\"alignwide wp-block-post-featured-image\"><img loading=\"lazy\" decoding=\"async\" width=\"2560\" height=\"1604\" src=\"https:\/\/mentalhelse.no\/content\/uploads\/sites\/195\/2025\/06\/20250614_131007-scaled.jpg\" class=\"attachment-post-thumbnail size-post-thumbnail wp-post-image\" alt=\"\" style=\"width:100%;height:100%;object-fit:cover; --focal-point: 50% 49%;\" srcset=\"https:\/\/mentalhelse.no\/content\/uploads\/sites\/195\/2025\/06\/20250614_131007-scaled.jpg 2560w, https:\/\/mentalhelse.no\/content\/uploads\/sites\/195\/2025\/06\/20250614_131007-300x188.jpg 300w, https:\/\/mentalhelse.no\/content\/uploads\/sites\/195\/2025\/06\/20250614_131007-1024x642.jpg 1024w, https:\/\/mentalhelse.no\/content\/uploads\/sites\/195\/2025\/06\/20250614_131007-768x481.jpg 768w, https:\/\/mentalhelse.no\/content\/uploads\/sites\/195\/2025\/06\/20250614_131007-1536x963.jpg 1536w, https:\/\/mentalhelse.no\/content\/uploads\/sites\/195\/2025\/06\/20250614_131007-2048x1283.jpg 2048w\" sizes=\"auto, (max-width: 2560px) 100vw, 2560px\" \/><\/figure>\n\n<h1 class=\"wp-block-post-title\">Nytt styre<\/h1>\n\n<div class=\"is-img-top mh-byline wp-block-mh-byline\">\n                  <div class=\"mh-byline__inner\">\n                  \t\n                  \t<div class=\"mh-byline__meta\">\n                  \t\t<div class=\"mh-byline__post\">\n                  \t\t\t<div class=\"entry-date\">25.06.2025<\/div>\n                  \t\t<\/div>\n                  \t\t<div class=\"mh-byline__author\">\n                  \t\t\t <span class=\"mh-byline__author-link\">Anders \u00d8yan<\/span>\n\t\t\t\t\t\t<\/div>\n\t\t\t\t\t<\/div>\n\t\t\t\t<\/div>\n\t\t<\/div>\n\n\n<p>L\u00f8rdag 14. juni ble det avholdt ekstraordin\u00e6rt \u00e5rsm\u00f8te.<\/p>\n\n\n\n<p>Nytt styre er n\u00e5 p\u00e5 plass. Leder vil n\u00e5 v\u00e6re Anna-Elise Opheim. Med seg p\u00e5 laget har hun folk med god erfaring, men ogs\u00e5 noen nye fjes. Vi gleder oss n\u00e5 til \u00e5 komme i gang. V\u00e5rt hovedfokus vil i tiden fremover v\u00e6re v\u00e5re lokallag. Sommerferien er like rundt hj\u00f8rnet. Vi benytter derfor anledningen til \u00e5 \u00f8nske alle en god sommer.<\/p>\n\n\n\n<p><\/p>\n\n\n\n<p>Det nye styre best\u00e5r av:<br>Leder: Anna Elise Opheim<\/p>\n\n\n\n<p>Nestleder: Merete Hildrum<\/p>\n\n\n\n<p>Styremedlemmer: Ole J\u00f8rgen Dekkerhus, Anders \u00d8yan, Atle Tilseth<\/p>\n\n\n\n<p>Varamedlemmer: Linda Hogstad, Lillian Iversen, Espen Skagen (ikke tilstede)<\/p>\n\n\n\n\t\t<div class=\"mh-related-posts alignfull alignfull wp-block-mentalhelse-related-posts gray-mode\">\n\t\t\t<div class=\"mh-related-posts__inner\">\n\t\t\t\t\n\n<h3 class=\"wp-block-heading\" id=\"h-also-read\">Also read<\/h3>\n\n\n<div class=\"t2-featured-content-layout alignwide alignwide wp-block-t2-featured-content-layout\">\n<div class=\"t2-featured-query-post t2-featured-content is-post-type-news wp-block-t2-featured-query-post t2-featured-content-layout-col-4\"><a class=\"t2-post-link wp-block-t2-post-link\" href=\"https:\/\/mentalhelse.no\/trondelag\/aktuelt\/arsmote-mental-helse-trondelag-2026\/\">\n\t<figure style=\"--t2-focal-point: 50% 50%;\" class=\"t2-post-featured-image has-image-ratio-16-9 wp-block-t2-post-featured-image\"><img loading=\"lazy\" decoding=\"async\" width=\"862\" height=\"559\" src=\"https:\/\/mentalhelse.no\/content\/uploads\/sites\/195\/2026\/02\/Quality-Panorama-Tiller.jpg\" class=\"attachment-post-thumbnail size-post-thumbnail wp-post-image\" alt=\"\" srcset=\"https:\/\/mentalhelse.no\/content\/uploads\/sites\/195\/2026\/02\/Quality-Panorama-Tiller.jpg 862w, https:\/\/mentalhelse.no\/content\/uploads\/sites\/195\/2026\/02\/Quality-Panorama-Tiller-300x195.jpg 300w, https:\/\/mentalhelse.no\/content\/uploads\/sites\/195\/2026\/02\/Quality-Panorama-Tiller-768x498.jpg 768w\" sizes=\"auto, (max-width: 862px) 100vw, 862px\" style=\"--focal-point: 50% 50%;\" \/><\/figure>\n<\/a>\n\n<div class=\"wp-block-group postinfo alignfull is-layout-flow wp-block-group-is-layout-flow\">\n\t<div class=\"wp-block-mentalhelse-post-category\">\n\t\t\t\t\t<div class=\"post-type\">\n\t\t\t\t\t\t<a href=\"https:\/\/mentalhelse.no\/trondelag\/aktuelt\/\">Nyheter<\/a>\n\t\t\t\t\t<\/div>\n\t\t\t\t\t\n\t\t\t\t\t<div class=\"post-category\">\n\t\t\t\t\t\t\n\t\t\t\t\t<\/div>\n\t\t\t<\/div>\n\t<a class=\"t2-post-link wp-block-t2-post-link\" href=\"https:\/\/mentalhelse.no\/trondelag\/aktuelt\/arsmote-mental-helse-trondelag-2026\/\">\n\t<h2 class=\"t2-post-title wp-block-t2-post-title\">\u00c5RSM\u00d8TE MENTAL HELSE TR\u00d8NDELAG 2026<\/h2>\n\t<\/a>\n<\/div>\n\n<\/div>\n\n<div class=\"t2-featured-query-post t2-featured-content is-post-type-news wp-block-t2-featured-query-post t2-featured-content-layout-col-4\"><a class=\"t2-post-link wp-block-t2-post-link\" href=\"https:\/\/mentalhelse.no\/trondelag\/aktuelt\/lokallagssamling\/\">\n\t<figure style=\"--t2-focal-point: 50% 50%;\" class=\"t2-post-featured-image has-image-ratio-16-9 wp-block-t2-post-featured-image\"><img loading=\"lazy\" decoding=\"async\" width=\"2560\" height=\"1707\" src=\"https:\/\/mentalhelse.no\/content\/uploads\/sites\/195\/2026\/01\/IMG_7182-scaled.jpg\" class=\"attachment-post-thumbnail size-post-thumbnail wp-post-image\" alt=\"\" srcset=\"https:\/\/mentalhelse.no\/content\/uploads\/sites\/195\/2026\/01\/IMG_7182-scaled.jpg 2560w, https:\/\/mentalhelse.no\/content\/uploads\/sites\/195\/2026\/01\/IMG_7182-300x200.jpg 300w, https:\/\/mentalhelse.no\/content\/uploads\/sites\/195\/2026\/01\/IMG_7182-1024x683.jpg 1024w, https:\/\/mentalhelse.no\/content\/uploads\/sites\/195\/2026\/01\/IMG_7182-768x512.jpg 768w, https:\/\/mentalhelse.no\/content\/uploads\/sites\/195\/2026\/01\/IMG_7182-1536x1024.jpg 1536w, https:\/\/mentalhelse.no\/content\/uploads\/sites\/195\/2026\/01\/IMG_7182-2048x1365.jpg 2048w\" sizes=\"auto, (max-width: 2560px) 100vw, 2560px\" style=\"--focal-point: 50% 50%;\" \/><\/figure>\n<\/a>\n\n<div class=\"wp-block-group postinfo alignfull is-layout-flow wp-block-group-is-layout-flow\">\n\t<div class=\"wp-block-mentalhelse-post-category\">\n\t\t\t\t\t<div class=\"post-type\">\n\t\t\t\t\t\t<a href=\"https:\/\/mentalhelse.no\/trondelag\/aktuelt\/\">Nyheter<\/a>\n\t\t\t\t\t<\/div>\n\t\t\t\t\t\n\t\t\t\t\t<div class=\"post-category\">\n\t\t\t\t\t\t\n\t\t\t\t\t<\/div>\n\t\t\t<\/div>\n\t<a class=\"t2-post-link wp-block-t2-post-link\" href=\"https:\/\/mentalhelse.no\/trondelag\/aktuelt\/lokallagssamling\/\">\n\t<h2 class=\"t2-post-title wp-block-t2-post-title\">Lokallagssamling<\/h2>\n\t<\/a>\n<\/div>\n\n<\/div>\n\n<div class=\"t2-featured-query-post t2-featured-content is-post-type-news wp-block-t2-featured-query-post t2-featured-content-layout-col-4\"><a class=\"t2-post-link wp-block-t2-post-link\" href=\"https:\/\/mentalhelse.no\/trondelag\/aktuelt\/innkalling-arsmote-2025\/\">\n\t<figure style=\"--t2-focal-point: 50% 50%;\" class=\"t2-post-featured-image has-image-ratio-16-9 wp-block-t2-post-featured-image\"><img loading=\"lazy\" decoding=\"async\" width=\"1920\" height=\"1080\" src=\"https:\/\/mentalhelse.no\/content\/uploads\/sites\/195\/2025\/02\/Scandic-Stiklestad.jpg\" class=\"attachment-post-thumbnail size-post-thumbnail wp-post-image\" alt=\"\" srcset=\"https:\/\/mentalhelse.no\/content\/uploads\/sites\/195\/2025\/02\/Scandic-Stiklestad.jpg 1920w, https:\/\/mentalhelse.no\/content\/uploads\/sites\/195\/2025\/02\/Scandic-Stiklestad-300x169.jpg 300w, https:\/\/mentalhelse.no\/content\/uploads\/sites\/195\/2025\/02\/Scandic-Stiklestad-1024x576.jpg 1024w, https:\/\/mentalhelse.no\/content\/uploads\/sites\/195\/2025\/02\/Scandic-Stiklestad-768x432.jpg 768w, https:\/\/mentalhelse.no\/content\/uploads\/sites\/195\/2025\/02\/Scandic-Stiklestad-1536x864.jpg 1536w\" sizes=\"auto, (max-width: 1920px) 100vw, 1920px\" style=\"--focal-point: 50% 50%;\" \/><\/figure>\n<\/a>\n\n<div class=\"wp-block-group postinfo alignfull is-layout-flow wp-block-group-is-layout-flow\">\n\t<div class=\"wp-block-mentalhelse-post-category\">\n\t\t\t\t\t<div class=\"post-type\">\n\t\t\t\t\t\t<a href=\"https:\/\/mentalhelse.no\/trondelag\/aktuelt\/\">Nyheter<\/a>\n\t\t\t\t\t<\/div>\n\t\t\t\t\t\n\t\t\t\t\t<div class=\"post-category\">\n\t\t\t\t\t\t\n\t\t\t\t\t<\/div>\n\t\t\t<\/div>\n\t<a class=\"t2-post-link wp-block-t2-post-link\" href=\"https:\/\/mentalhelse.no\/trondelag\/aktuelt\/innkalling-arsmote-2025\/\">\n\t<h2 class=\"t2-post-title wp-block-t2-post-title\">Innkalling til Mental Helse Tr\u00f8ndelags \u00e5rsm\u00f8te 2025<\/h2>\n\t<\/a>\n<\/div>\n\n<\/div>\n<\/div>\n\n\t\t\t<\/div>\n\t\t<\/div>","protected":false},"excerpt":{"rendered":"<p>L\u00f8rdag 14. juni ble det avholdt ekstraordin\u00e6rt \u00e5rsm\u00f8te. Nytt styre er n\u00e5 p\u00e5 plass. Leder vil n\u00e5 v\u00e6re Anna-Elise Opheim. Med seg p\u00e5 laget har&#8230;<\/p>\n","protected":false},"author":36,"featured_media":1333,"parent":0,"template":"","meta":{"t2_featured_media_focal_point":{"x":0.5,"y":0.49},"mh_hide_title":true},"news_category":[],"class_list":["post-1332","news","type-news","status-publish","has-post-thumbnail","hentry"],"yoast_head":"<!-- This site is optimized with the Yoast SEO Premium plugin v21.2 (Yoast SEO v21.2) - https:\/\/yoast.com\/wordpress\/plugins\/seo\/ -->\n<title>Nytt styre - Mental Helse - Tr\u00f8ndelag<\/title>\n<meta name=\"robots\" content=\"index, follow, max-snippet:-1, max-image-preview:large, max-video-preview:-1\" \/>\n<link rel=\"canonical\" href=\"https:\/\/mentalhelse.no\/trondelag\/aktuelt\/nytt-styre\/\" \/>\n<meta property=\"og:locale\" content=\"nb_NO\" \/>\n<meta property=\"og:type\" content=\"article\" \/>\n<meta property=\"og:title\" content=\"Nytt styre\" \/>\n<meta property=\"og:description\" content=\"L\u00f8rdag 14. juni ble det avholdt ekstraordin\u00e6rt \u00e5rsm\u00f8te. Nytt styre er n\u00e5 p\u00e5 plass. Leder vil n\u00e5 v\u00e6re Anna-Elise Opheim. Med seg p\u00e5 laget har...\" \/>\n<meta property=\"og:url\" content=\"https:\/\/mentalhelse.no\/trondelag\/aktuelt\/nytt-styre\/\" \/>\n<meta property=\"og:site_name\" content=\"Tr\u00f8ndelag\" \/>\n<meta property=\"og:image\" content=\"https:\/\/mentalhelse.no\/content\/uploads\/sites\/195\/2025\/06\/20250614_131007-scaled.jpg\" \/>\n\t<meta property=\"og:image:width\" content=\"2560\" \/>\n\t<meta property=\"og:image:height\" content=\"1604\" \/>\n\t<meta property=\"og:image:type\" content=\"image\/jpeg\" \/>\n<meta name=\"twitter:card\" content=\"summary_large_image\" \/>\n<meta name=\"twitter:label1\" content=\"Ansl. lesetid\" \/>\n\t<meta name=\"twitter:data1\" content=\"1 minutt\" \/>\n<script type=\"application\/ld+json\" class=\"yoast-schema-graph\">{\"@context\":\"https:\/\/schema.org\",\"@graph\":[{\"@type\":\"WebPage\",\"@id\":\"https:\/\/mentalhelse.no\/trondelag\/aktuelt\/nytt-styre\/\",\"url\":\"https:\/\/mentalhelse.no\/trondelag\/aktuelt\/nytt-styre\/\",\"name\":\"Nytt styre - Tr\u00f8ndelag\",\"isPartOf\":{\"@id\":\"https:\/\/mentalhelse.no\/trondelag\/#website\"},\"datePublished\":\"2025-06-25T14:25:36+00:00\",\"dateModified\":\"2025-06-25T14:25:36+00:00\",\"breadcrumb\":{\"@id\":\"https:\/\/mentalhelse.no\/trondelag\/aktuelt\/nytt-styre\/#breadcrumb\"},\"inLanguage\":\"nb-NO\",\"potentialAction\":[{\"@type\":\"ReadAction\",\"target\":[\"https:\/\/mentalhelse.no\/trondelag\/aktuelt\/nytt-styre\/\"]}]},{\"@type\":\"BreadcrumbList\",\"@id\":\"https:\/\/mentalhelse.no\/trondelag\/aktuelt\/nytt-styre\/#breadcrumb\",\"itemListElement\":[{\"@type\":\"ListItem\",\"position\":1,\"name\":\"Hjem\",\"item\":\"https:\/\/mentalhelse.no\/trondelag\/\"},{\"@type\":\"ListItem\",\"position\":2,\"name\":\"Nyheter\",\"item\":\"https:\/\/mentalhelse.no\/trondelag\/aktuelt\/\"},{\"@type\":\"ListItem\",\"position\":3,\"name\":\"Nytt styre\"}]},{\"@type\":\"WebSite\",\"@id\":\"https:\/\/mentalhelse.no\/trondelag\/#website\",\"url\":\"https:\/\/mentalhelse.no\/trondelag\/\",\"name\":\"Tr\u00f8ndelag\",\"description\":\"\",\"potentialAction\":[{\"@type\":\"SearchAction\",\"target\":{\"@type\":\"EntryPoint\",\"urlTemplate\":\"https:\/\/mentalhelse.no\/trondelag\/?s={search_term_string}\"},\"query-input\":\"required name=search_term_string\"}],\"inLanguage\":\"nb-NO\"}]}<\/script>\n<!-- \/ Yoast SEO Premium plugin. -->","yoast_head_json":{"title":"Nytt styre - Mental Helse - Tr\u00f8ndelag","robots":{"index":"index","follow":"follow","max-snippet":"max-snippet:-1","max-image-preview":"max-image-preview:large","max-video-preview":"max-video-preview:-1"},"canonical":"https:\/\/mentalhelse.no\/trondelag\/aktuelt\/nytt-styre\/","og_locale":"nb_NO","og_type":"article","og_title":"Nytt styre","og_description":"L\u00f8rdag 14. juni ble det avholdt ekstraordin\u00e6rt \u00e5rsm\u00f8te. Nytt styre er n\u00e5 p\u00e5 plass. Leder vil n\u00e5 v\u00e6re Anna-Elise Opheim. Med seg p\u00e5 laget har...","og_url":"https:\/\/mentalhelse.no\/trondelag\/aktuelt\/nytt-styre\/","og_site_name":"Tr\u00f8ndelag","og_image":[{"width":2560,"height":1604,"url":"https:\/\/mentalhelse.no\/content\/uploads\/sites\/195\/2025\/06\/20250614_131007-scaled.jpg","type":"image\/jpeg"}],"twitter_card":"summary_large_image","twitter_misc":{"Ansl. lesetid":"1 minutt"},"schema":{"@context":"https:\/\/schema.org","@graph":[{"@type":"WebPage","@id":"https:\/\/mentalhelse.no\/trondelag\/aktuelt\/nytt-styre\/","url":"https:\/\/mentalhelse.no\/trondelag\/aktuelt\/nytt-styre\/","name":"Nytt styre - Tr\u00f8ndelag","isPartOf":{"@id":"https:\/\/mentalhelse.no\/trondelag\/#website"},"datePublished":"2025-06-25T14:25:36+00:00","dateModified":"2025-06-25T14:25:36+00:00","breadcrumb":{"@id":"https:\/\/mentalhelse.no\/trondelag\/aktuelt\/nytt-styre\/#breadcrumb"},"inLanguage":"nb-NO","potentialAction":[{"@type":"ReadAction","target":["https:\/\/mentalhelse.no\/trondelag\/aktuelt\/nytt-styre\/"]}]},{"@type":"BreadcrumbList","@id":"https:\/\/mentalhelse.no\/trondelag\/aktuelt\/nytt-styre\/#breadcrumb","itemListElement":[{"@type":"ListItem","position":1,"name":"Hjem","item":"https:\/\/mentalhelse.no\/trondelag\/"},{"@type":"ListItem","position":2,"name":"Nyheter","item":"https:\/\/mentalhelse.no\/trondelag\/aktuelt\/"},{"@type":"ListItem","position":3,"name":"Nytt styre"}]},{"@type":"WebSite","@id":"https:\/\/mentalhelse.no\/trondelag\/#website","url":"https:\/\/mentalhelse.no\/trondelag\/","name":"Tr\u00f8ndelag","description":"","potentialAction":[{"@type":"SearchAction","target":{"@type":"EntryPoint","urlTemplate":"https:\/\/mentalhelse.no\/trondelag\/?s={search_term_string}"},"query-input":"required name=search_term_string"}],"inLanguage":"nb-NO"}]}},"_links":{"self":[{"href":"https:\/\/mentalhelse.no\/trondelag\/wp-json\/wp\/v2\/news\/1332","targetHints":{"allow":["GET"]}}],"collection":[{"href":"https:\/\/mentalhelse.no\/trondelag\/wp-json\/wp\/v2\/news"}],"about":[{"href":"https:\/\/mentalhelse.no\/trondelag\/wp-json\/wp\/v2\/types\/news"}],"author":[{"embeddable":true,"href":"https:\/\/mentalhelse.no\/trondelag\/wp-json\/wp\/v2\/users\/36"}],"wp:featuredmedia":[{"embeddable":true,"href":"https:\/\/mentalhelse.no\/trondelag\/wp-json\/wp\/v2\/media\/1333"}],"wp:attachment":[{"href":"https:\/\/mentalhelse.no\/trondelag\/wp-json\/wp\/v2\/media?parent=1332"}],"wp:term":[{"taxonomy":"news_category","embeddable":true,"href":"https:\/\/mentalhelse.no\/trondelag\/wp-json\/wp\/v2\/news_category?post=1332"}],"curies":[{"name":"wp","href":"https:\/\/api.w.org\/{rel}","templated":true}]}}