{"id":1342,"date":"2026-01-12T17:31:30","date_gmt":"2026-01-12T17:31:30","guid":{"rendered":"https:\/\/mentalhelse.no\/trondelag\/?post_type=news&#038;p=1342"},"modified":"2026-01-12T17:31:31","modified_gmt":"2026-01-12T17:31:31","slug":"lokallagssamling","status":"publish","type":"news","link":"https:\/\/mentalhelse.no\/trondelag\/aktuelt\/lokallagssamling\/","title":{"rendered":"Lokallagssamling"},"content":{"rendered":"<figure class=\"alignwide wp-block-post-featured-image\"><img loading=\"lazy\" decoding=\"async\" width=\"2560\" height=\"1707\" src=\"https:\/\/mentalhelse.no\/content\/uploads\/sites\/195\/2026\/01\/IMG_7182-scaled.jpg\" class=\"attachment-post-thumbnail size-post-thumbnail wp-post-image\" alt=\"\" style=\"object-fit:cover; --focal-point: 50% 50%;\" srcset=\"https:\/\/mentalhelse.no\/content\/uploads\/sites\/195\/2026\/01\/IMG_7182-scaled.jpg 2560w, https:\/\/mentalhelse.no\/content\/uploads\/sites\/195\/2026\/01\/IMG_7182-300x200.jpg 300w, https:\/\/mentalhelse.no\/content\/uploads\/sites\/195\/2026\/01\/IMG_7182-1024x683.jpg 1024w, https:\/\/mentalhelse.no\/content\/uploads\/sites\/195\/2026\/01\/IMG_7182-768x512.jpg 768w, https:\/\/mentalhelse.no\/content\/uploads\/sites\/195\/2026\/01\/IMG_7182-1536x1024.jpg 1536w, https:\/\/mentalhelse.no\/content\/uploads\/sites\/195\/2026\/01\/IMG_7182-2048x1365.jpg 2048w\" sizes=\"auto, (max-width: 2560px) 100vw, 2560px\" \/><\/figure>\n\n<h1 class=\"wp-block-post-title\">Lokallagssamling<\/h1>\n\n<div class=\"is-img-top mh-byline wp-block-mh-byline\">\n                  <div class=\"mh-byline__inner\">\n                  \t\n                  \t<div class=\"mh-byline__meta\">\n                  \t\t<div class=\"mh-byline__post\">\n                  \t\t\t<div class=\"entry-date\">12.01.2026<\/div>\n                  \t\t<\/div>\n                  \t\t<div class=\"mh-byline__author\">\n                  \t\t\t <span class=\"mh-byline__author-link\">Anders \u00d8yan<\/span>\n\t\t\t\t\t\t<\/div>\n\t\t\t\t\t<\/div>\n\t\t\t\t<\/div>\n\t\t<\/div>\n\n\n<p>Mental Helse Tr\u00f8ndelag arrangerte lokallagssamling p\u00e5 Oppdal helga 21-23. November 2025, der vi var 13 lokallag og 30 deltakere, det var oppm\u00f8te p\u00e5 Quality Skifer Hotell p\u00e5 fredag kveld, til velkommen og info om helga. Vi skulle ogs\u00e5 ha info om julekula, men den ble utsatt til l\u00f8rdag morgen p\u00e5 grunn av uforutsette ting, fredagen ble avsluttet med pizzabuffe p\u00e5 hotellet.<\/p>\n\n\n\n<p>L\u00f8rdag morgen startet vi med info om julekula og fadderordningen, etter info om fadderordningen gikk fadderne i grupper med sine lokallag som de har ansvaret for, der vi skulle l\u00f8se og diskutere flere \u00e5rsm\u00f8tecaser. En av casene var at dem skulle skrive en fiktiv \u00e5rsm\u00f8teprotokoll. Dette for at lokallagene skal bli trygge p\u00e5 \u00e5 skrive \u00e5rsm\u00f8teprotokoller.<\/p>\n\n\n\n<figure class=\"wp-block-image size-large\"><img loading=\"lazy\" decoding=\"async\" width=\"1024\" height=\"724\" src=\"https:\/\/mentalhelse.no\/content\/uploads\/sites\/195\/2026\/01\/Hovedbilde-1024x724.png\" alt=\"\" class=\"wp-image-1344\" srcset=\"https:\/\/mentalhelse.no\/content\/uploads\/sites\/195\/2026\/01\/Hovedbilde-1024x724.png 1024w, https:\/\/mentalhelse.no\/content\/uploads\/sites\/195\/2026\/01\/Hovedbilde-300x212.png 300w, https:\/\/mentalhelse.no\/content\/uploads\/sites\/195\/2026\/01\/Hovedbilde-768x543.png 768w, https:\/\/mentalhelse.no\/content\/uploads\/sites\/195\/2026\/01\/Hovedbilde-1536x1086.png 1536w, https:\/\/mentalhelse.no\/content\/uploads\/sites\/195\/2026\/01\/Hovedbilde.png 2000w\" sizes=\"auto, (max-width: 1024px) 100vw, 1024px\" \/><\/figure>\n\n\n\n<p>Alle oppgavene ble gjennomg\u00e5tt i plenum slik at alle fikk komme med innspill og stille sp\u00f8rsm\u00e5l.<\/p>\n\n\n\n<p>P\u00e5 denne m\u00e5ten h\u00e5per vi at lokallagene skulle f\u00e5 litt trening og tenke igjennom hva som m\u00e5tte v\u00e6re med i forberedelsene og gjennomf\u00f8ring av \u00e5rsm\u00f8tet i lokallaget.<\/p>\n\n\n\n<p>P\u00e5 slutten av dagen s\u00e5 informerte studieleder om studieforbundet Funkis, Og litt om hvilket krav som stilles f\u00e5r \u00e5 f\u00e5 et godkjent kurs.<\/p>\n\n\n\n<p>P\u00e5 kvelden var det julebuffe med alt av julemat og det virket som alle hadde en hyggelig kveld med mye prat blant kursdeltagerne fra lokallagene.<\/p>\n\n\n\n<p>P\u00e5 s\u00f8ndagsmorgen startet vi opp med \u00e5 informere lokallagene videre om tema vi har hatt igjennom helgen. Et av lokallaget fikk informere litt om hva den gj\u00f8r \u00e5 hvor mange som har sett demmes innlegg p\u00e5 Facebook.<\/p>\n\n\n\n<div class=\"wp-block-group is-layout-grid wp-container-core-group-is-layout-1 wp-block-group-is-layout-grid\">\n<figure class=\"wp-block-image size-large\"><img loading=\"lazy\" decoding=\"async\" width=\"570\" height=\"1024\" src=\"https:\/\/mentalhelse.no\/content\/uploads\/sites\/195\/2026\/01\/IMG_7186_3-570x1024.jpg\" alt=\"\" class=\"wp-image-1348\" srcset=\"https:\/\/mentalhelse.no\/content\/uploads\/sites\/195\/2026\/01\/IMG_7186_3-570x1024.jpg 570w, https:\/\/mentalhelse.no\/content\/uploads\/sites\/195\/2026\/01\/IMG_7186_3-167x300.jpg 167w, https:\/\/mentalhelse.no\/content\/uploads\/sites\/195\/2026\/01\/IMG_7186_3-768x1380.jpg 768w, https:\/\/mentalhelse.no\/content\/uploads\/sites\/195\/2026\/01\/IMG_7186_3-855x1536.jpg 855w, https:\/\/mentalhelse.no\/content\/uploads\/sites\/195\/2026\/01\/IMG_7186_3-1140x2048.jpg 1140w, https:\/\/mentalhelse.no\/content\/uploads\/sites\/195\/2026\/01\/IMG_7186_3-scaled.jpg 1425w\" sizes=\"auto, (max-width: 570px) 100vw, 570px\" \/><\/figure>\n\n\n\n<figure class=\"wp-block-image size-large\"><img loading=\"lazy\" decoding=\"async\" width=\"567\" height=\"1024\" src=\"https:\/\/mentalhelse.no\/content\/uploads\/sites\/195\/2026\/01\/IMG_7191_3-567x1024.jpg\" alt=\"\" class=\"wp-image-1347\" srcset=\"https:\/\/mentalhelse.no\/content\/uploads\/sites\/195\/2026\/01\/IMG_7191_3-567x1024.jpg 567w, https:\/\/mentalhelse.no\/content\/uploads\/sites\/195\/2026\/01\/IMG_7191_3-166x300.jpg 166w, https:\/\/mentalhelse.no\/content\/uploads\/sites\/195\/2026\/01\/IMG_7191_3-768x1387.jpg 768w, https:\/\/mentalhelse.no\/content\/uploads\/sites\/195\/2026\/01\/IMG_7191_3-850x1536.jpg 850w, https:\/\/mentalhelse.no\/content\/uploads\/sites\/195\/2026\/01\/IMG_7191_3-1134x2048.jpg 1134w, https:\/\/mentalhelse.no\/content\/uploads\/sites\/195\/2026\/01\/IMG_7191_3-scaled.jpg 1417w\" sizes=\"auto, (max-width: 567px) 100vw, 567px\" \/><\/figure>\n<\/div>\n\n\n\n<p>Mental Helse Overhalla informerte ogs\u00e5 om Jonathan som skal sykkel Norge p\u00e5 langs i 2026 der inntekten g\u00e5r til Mental Helse. F\u00f8lg han reise p\u00e5 <a href=\"https:\/\/www.instagram.com\/jonathan_sykler\/\">Instagram<\/a>.<\/p>\n\n\n\n<p>Til slutt s\u00e5 tokk vi en oppsummering av helga p\u00e5 godt og ondt. Lagene fikk komme med forslag til saker som de \u00f8nsker at man skulle ta opp p\u00e5 neste samling, deretter var det Vel Hjem.<\/p>\n\n\n\n<figure class=\"wp-block-image size-large\"><img loading=\"lazy\" decoding=\"async\" width=\"1024\" height=\"683\" src=\"https:\/\/mentalhelse.no\/content\/uploads\/sites\/195\/2026\/01\/IMG_7192-1024x683.jpg\" alt=\"\" class=\"wp-image-1349\" srcset=\"https:\/\/mentalhelse.no\/content\/uploads\/sites\/195\/2026\/01\/IMG_7192-1024x683.jpg 1024w, https:\/\/mentalhelse.no\/content\/uploads\/sites\/195\/2026\/01\/IMG_7192-300x200.jpg 300w, https:\/\/mentalhelse.no\/content\/uploads\/sites\/195\/2026\/01\/IMG_7192-768x512.jpg 768w, https:\/\/mentalhelse.no\/content\/uploads\/sites\/195\/2026\/01\/IMG_7192-1536x1024.jpg 1536w, https:\/\/mentalhelse.no\/content\/uploads\/sites\/195\/2026\/01\/IMG_7192-2048x1365.jpg 2048w\" sizes=\"auto, (max-width: 1024px) 100vw, 1024px\" \/><\/figure>\n\n\n\n\t\t<div class=\"mh-related-posts alignfull alignfull wp-block-mentalhelse-related-posts gray-mode\">\n\t\t\t<div class=\"mh-related-posts__inner\">\n\t\t\t\t\n\n<h3 class=\"wp-block-heading\" id=\"h-also-read\">Also read<\/h3>\n\n\n<div class=\"t2-featured-content-layout alignwide alignwide wp-block-t2-featured-content-layout\">\n<div class=\"t2-featured-query-post t2-featured-content is-post-type-news wp-block-t2-featured-query-post t2-featured-content-layout-col-4\"><a class=\"t2-post-link wp-block-t2-post-link\" href=\"https:\/\/mentalhelse.no\/trondelag\/aktuelt\/arsmote-mental-helse-trondelag-2026\/\">\n\t<figure style=\"--t2-focal-point: 50% 50%;\" class=\"t2-post-featured-image has-image-ratio-16-9 wp-block-t2-post-featured-image\"><img loading=\"lazy\" decoding=\"async\" width=\"862\" height=\"559\" src=\"https:\/\/mentalhelse.no\/content\/uploads\/sites\/195\/2026\/02\/Quality-Panorama-Tiller.jpg\" class=\"attachment-post-thumbnail size-post-thumbnail wp-post-image\" alt=\"\" srcset=\"https:\/\/mentalhelse.no\/content\/uploads\/sites\/195\/2026\/02\/Quality-Panorama-Tiller.jpg 862w, https:\/\/mentalhelse.no\/content\/uploads\/sites\/195\/2026\/02\/Quality-Panorama-Tiller-300x195.jpg 300w, https:\/\/mentalhelse.no\/content\/uploads\/sites\/195\/2026\/02\/Quality-Panorama-Tiller-768x498.jpg 768w\" sizes=\"auto, (max-width: 862px) 100vw, 862px\" style=\"--focal-point: 50% 50%;\" \/><\/figure>\n<\/a>\n\n<div class=\"wp-block-group postinfo alignfull is-layout-flow wp-block-group-is-layout-flow\">\n\t<div class=\"wp-block-mentalhelse-post-category\">\n\t\t\t\t\t<div class=\"post-type\">\n\t\t\t\t\t\t<a href=\"https:\/\/mentalhelse.no\/trondelag\/aktuelt\/\">Nyheter<\/a>\n\t\t\t\t\t<\/div>\n\t\t\t\t\t\n\t\t\t\t\t<div class=\"post-category\">\n\t\t\t\t\t\t\n\t\t\t\t\t<\/div>\n\t\t\t<\/div>\n\t<a class=\"t2-post-link wp-block-t2-post-link\" href=\"https:\/\/mentalhelse.no\/trondelag\/aktuelt\/arsmote-mental-helse-trondelag-2026\/\">\n\t<h2 class=\"t2-post-title wp-block-t2-post-title\">\u00c5RSM\u00d8TE MENTAL HELSE TR\u00d8NDELAG 2026<\/h2>\n\t<\/a>\n<\/div>\n\n<\/div>\n\n<div class=\"t2-featured-query-post t2-featured-content is-post-type-news wp-block-t2-featured-query-post t2-featured-content-layout-col-4\"><a class=\"t2-post-link wp-block-t2-post-link\" href=\"https:\/\/mentalhelse.no\/trondelag\/aktuelt\/nytt-styre\/\">\n\t<figure style=\"--t2-focal-point: 50% 49%;\" class=\"t2-post-featured-image has-image-ratio-16-9 wp-block-t2-post-featured-image\"><img loading=\"lazy\" decoding=\"async\" width=\"2560\" height=\"1604\" src=\"https:\/\/mentalhelse.no\/content\/uploads\/sites\/195\/2025\/06\/20250614_131007-scaled.jpg\" class=\"attachment-post-thumbnail size-post-thumbnail wp-post-image\" alt=\"\" srcset=\"https:\/\/mentalhelse.no\/content\/uploads\/sites\/195\/2025\/06\/20250614_131007-scaled.jpg 2560w, https:\/\/mentalhelse.no\/content\/uploads\/sites\/195\/2025\/06\/20250614_131007-300x188.jpg 300w, https:\/\/mentalhelse.no\/content\/uploads\/sites\/195\/2025\/06\/20250614_131007-1024x642.jpg 1024w, https:\/\/mentalhelse.no\/content\/uploads\/sites\/195\/2025\/06\/20250614_131007-768x481.jpg 768w, https:\/\/mentalhelse.no\/content\/uploads\/sites\/195\/2025\/06\/20250614_131007-1536x963.jpg 1536w, https:\/\/mentalhelse.no\/content\/uploads\/sites\/195\/2025\/06\/20250614_131007-2048x1283.jpg 2048w\" sizes=\"auto, (max-width: 2560px) 100vw, 2560px\" style=\"--focal-point: 50% 49%;\" \/><\/figure>\n<\/a>\n\n<div class=\"wp-block-group postinfo alignfull is-layout-flow wp-block-group-is-layout-flow\">\n\t<div class=\"wp-block-mentalhelse-post-category\">\n\t\t\t\t\t<div class=\"post-type\">\n\t\t\t\t\t\t<a href=\"https:\/\/mentalhelse.no\/trondelag\/aktuelt\/\">Nyheter<\/a>\n\t\t\t\t\t<\/div>\n\t\t\t\t\t\n\t\t\t\t\t<div class=\"post-category\">\n\t\t\t\t\t\t\n\t\t\t\t\t<\/div>\n\t\t\t<\/div>\n\t<a class=\"t2-post-link wp-block-t2-post-link\" href=\"https:\/\/mentalhelse.no\/trondelag\/aktuelt\/nytt-styre\/\">\n\t<h2 class=\"t2-post-title wp-block-t2-post-title\">Nytt styre<\/h2>\n\t<\/a>\n<\/div>\n\n<\/div>\n\n<div class=\"t2-featured-query-post t2-featured-content is-post-type-news wp-block-t2-featured-query-post t2-featured-content-layout-col-4\"><a class=\"t2-post-link wp-block-t2-post-link\" href=\"https:\/\/mentalhelse.no\/trondelag\/aktuelt\/innkalling-arsmote-2025\/\">\n\t<figure style=\"--t2-focal-point: 50% 50%;\" class=\"t2-post-featured-image has-image-ratio-16-9 wp-block-t2-post-featured-image\"><img loading=\"lazy\" decoding=\"async\" width=\"1920\" height=\"1080\" src=\"https:\/\/mentalhelse.no\/content\/uploads\/sites\/195\/2025\/02\/Scandic-Stiklestad.jpg\" class=\"attachment-post-thumbnail size-post-thumbnail wp-post-image\" alt=\"\" srcset=\"https:\/\/mentalhelse.no\/content\/uploads\/sites\/195\/2025\/02\/Scandic-Stiklestad.jpg 1920w, https:\/\/mentalhelse.no\/content\/uploads\/sites\/195\/2025\/02\/Scandic-Stiklestad-300x169.jpg 300w, https:\/\/mentalhelse.no\/content\/uploads\/sites\/195\/2025\/02\/Scandic-Stiklestad-1024x576.jpg 1024w, https:\/\/mentalhelse.no\/content\/uploads\/sites\/195\/2025\/02\/Scandic-Stiklestad-768x432.jpg 768w, https:\/\/mentalhelse.no\/content\/uploads\/sites\/195\/2025\/02\/Scandic-Stiklestad-1536x864.jpg 1536w\" sizes=\"auto, (max-width: 1920px) 100vw, 1920px\" style=\"--focal-point: 50% 50%;\" \/><\/figure>\n<\/a>\n\n<div class=\"wp-block-group postinfo alignfull is-layout-flow wp-block-group-is-layout-flow\">\n\t<div class=\"wp-block-mentalhelse-post-category\">\n\t\t\t\t\t<div class=\"post-type\">\n\t\t\t\t\t\t<a href=\"https:\/\/mentalhelse.no\/trondelag\/aktuelt\/\">Nyheter<\/a>\n\t\t\t\t\t<\/div>\n\t\t\t\t\t\n\t\t\t\t\t<div class=\"post-category\">\n\t\t\t\t\t\t\n\t\t\t\t\t<\/div>\n\t\t\t<\/div>\n\t<a class=\"t2-post-link wp-block-t2-post-link\" href=\"https:\/\/mentalhelse.no\/trondelag\/aktuelt\/innkalling-arsmote-2025\/\">\n\t<h2 class=\"t2-post-title wp-block-t2-post-title\">Innkalling til Mental Helse Tr\u00f8ndelags \u00e5rsm\u00f8te 2025<\/h2>\n\t<\/a>\n<\/div>\n\n<\/div>\n<\/div>\n\n\t\t\t<\/div>\n\t\t<\/div>","protected":false},"excerpt":{"rendered":"<p>Mental Helse Tr\u00f8ndelag arrangerte lokallagssamling p\u00e5 Oppdal helga 21-23. November 2025, der vi var 13 lokallag og 30 deltakere, det var oppm\u00f8te p\u00e5 Quality Skifer&#8230;<\/p>\n","protected":false},"author":36,"featured_media":1343,"parent":0,"template":"","meta":{"t2_featured_media_focal_point":{"x":0.5,"y":0.5},"mh_hide_title":true},"news_category":[],"class_list":["post-1342","news","type-news","status-publish","has-post-thumbnail","hentry"],"yoast_head":"<!-- This site is optimized with the Yoast SEO Premium plugin v21.2 (Yoast SEO v21.2) - https:\/\/yoast.com\/wordpress\/plugins\/seo\/ -->\n<title>Lokallagssamling - Mental Helse - Tr\u00f8ndelag<\/title>\n<meta name=\"robots\" content=\"index, follow, max-snippet:-1, max-image-preview:large, max-video-preview:-1\" \/>\n<link rel=\"canonical\" href=\"https:\/\/mentalhelse.no\/trondelag\/aktuelt\/lokallagssamling\/\" \/>\n<meta property=\"og:locale\" content=\"nb_NO\" \/>\n<meta property=\"og:type\" content=\"article\" \/>\n<meta property=\"og:title\" content=\"Lokallagssamling\" \/>\n<meta property=\"og:description\" content=\"Mental Helse Tr\u00f8ndelag arrangerte lokallagssamling p\u00e5 Oppdal helga 21-23. November 2025, der vi var 13 lokallag og 30 deltakere, det var oppm\u00f8te p\u00e5 Quality Skifer...\" \/>\n<meta property=\"og:url\" content=\"https:\/\/mentalhelse.no\/trondelag\/aktuelt\/lokallagssamling\/\" \/>\n<meta property=\"og:site_name\" content=\"Tr\u00f8ndelag\" \/>\n<meta property=\"article:modified_time\" content=\"2026-01-12T17:31:31+00:00\" \/>\n<meta property=\"og:image\" content=\"https:\/\/mentalhelse.no\/content\/uploads\/sites\/195\/2026\/01\/IMG_7182-scaled.jpg\" \/>\n\t<meta property=\"og:image:width\" content=\"2560\" \/>\n\t<meta property=\"og:image:height\" content=\"1707\" \/>\n\t<meta property=\"og:image:type\" content=\"image\/jpeg\" \/>\n<meta name=\"twitter:card\" content=\"summary_large_image\" \/>\n<meta name=\"twitter:label1\" content=\"Ansl. lesetid\" \/>\n\t<meta name=\"twitter:data1\" content=\"3 minutter\" \/>\n<script type=\"application\/ld+json\" class=\"yoast-schema-graph\">{\"@context\":\"https:\/\/schema.org\",\"@graph\":[{\"@type\":\"WebPage\",\"@id\":\"https:\/\/mentalhelse.no\/trondelag\/aktuelt\/lokallagssamling\/\",\"url\":\"https:\/\/mentalhelse.no\/trondelag\/aktuelt\/lokallagssamling\/\",\"name\":\"Lokallagssamling - Tr\u00f8ndelag\",\"isPartOf\":{\"@id\":\"https:\/\/mentalhelse.no\/trondelag\/#website\"},\"datePublished\":\"2026-01-12T17:31:30+00:00\",\"dateModified\":\"2026-01-12T17:31:31+00:00\",\"breadcrumb\":{\"@id\":\"https:\/\/mentalhelse.no\/trondelag\/aktuelt\/lokallagssamling\/#breadcrumb\"},\"inLanguage\":\"nb-NO\",\"potentialAction\":[{\"@type\":\"ReadAction\",\"target\":[\"https:\/\/mentalhelse.no\/trondelag\/aktuelt\/lokallagssamling\/\"]}]},{\"@type\":\"BreadcrumbList\",\"@id\":\"https:\/\/mentalhelse.no\/trondelag\/aktuelt\/lokallagssamling\/#breadcrumb\",\"itemListElement\":[{\"@type\":\"ListItem\",\"position\":1,\"name\":\"Hjem\",\"item\":\"https:\/\/mentalhelse.no\/trondelag\/\"},{\"@type\":\"ListItem\",\"position\":2,\"name\":\"Nyheter\",\"item\":\"https:\/\/mentalhelse.no\/trondelag\/aktuelt\/\"},{\"@type\":\"ListItem\",\"position\":3,\"name\":\"Lokallagssamling\"}]},{\"@type\":\"WebSite\",\"@id\":\"https:\/\/mentalhelse.no\/trondelag\/#website\",\"url\":\"https:\/\/mentalhelse.no\/trondelag\/\",\"name\":\"Tr\u00f8ndelag\",\"description\":\"\",\"potentialAction\":[{\"@type\":\"SearchAction\",\"target\":{\"@type\":\"EntryPoint\",\"urlTemplate\":\"https:\/\/mentalhelse.no\/trondelag\/?s={search_term_string}\"},\"query-input\":\"required name=search_term_string\"}],\"inLanguage\":\"nb-NO\"}]}<\/script>\n<!-- \/ Yoast SEO Premium plugin. -->","yoast_head_json":{"title":"Lokallagssamling - Mental Helse - Tr\u00f8ndelag","robots":{"index":"index","follow":"follow","max-snippet":"max-snippet:-1","max-image-preview":"max-image-preview:large","max-video-preview":"max-video-preview:-1"},"canonical":"https:\/\/mentalhelse.no\/trondelag\/aktuelt\/lokallagssamling\/","og_locale":"nb_NO","og_type":"article","og_title":"Lokallagssamling","og_description":"Mental Helse Tr\u00f8ndelag arrangerte lokallagssamling p\u00e5 Oppdal helga 21-23. November 2025, der vi var 13 lokallag og 30 deltakere, det var oppm\u00f8te p\u00e5 Quality Skifer...","og_url":"https:\/\/mentalhelse.no\/trondelag\/aktuelt\/lokallagssamling\/","og_site_name":"Tr\u00f8ndelag","article_modified_time":"2026-01-12T17:31:31+00:00","og_image":[{"width":2560,"height":1707,"url":"https:\/\/mentalhelse.no\/content\/uploads\/sites\/195\/2026\/01\/IMG_7182-scaled.jpg","type":"image\/jpeg"}],"twitter_card":"summary_large_image","twitter_misc":{"Ansl. lesetid":"3 minutter"},"schema":{"@context":"https:\/\/schema.org","@graph":[{"@type":"WebPage","@id":"https:\/\/mentalhelse.no\/trondelag\/aktuelt\/lokallagssamling\/","url":"https:\/\/mentalhelse.no\/trondelag\/aktuelt\/lokallagssamling\/","name":"Lokallagssamling - Tr\u00f8ndelag","isPartOf":{"@id":"https:\/\/mentalhelse.no\/trondelag\/#website"},"datePublished":"2026-01-12T17:31:30+00:00","dateModified":"2026-01-12T17:31:31+00:00","breadcrumb":{"@id":"https:\/\/mentalhelse.no\/trondelag\/aktuelt\/lokallagssamling\/#breadcrumb"},"inLanguage":"nb-NO","potentialAction":[{"@type":"ReadAction","target":["https:\/\/mentalhelse.no\/trondelag\/aktuelt\/lokallagssamling\/"]}]},{"@type":"BreadcrumbList","@id":"https:\/\/mentalhelse.no\/trondelag\/aktuelt\/lokallagssamling\/#breadcrumb","itemListElement":[{"@type":"ListItem","position":1,"name":"Hjem","item":"https:\/\/mentalhelse.no\/trondelag\/"},{"@type":"ListItem","position":2,"name":"Nyheter","item":"https:\/\/mentalhelse.no\/trondelag\/aktuelt\/"},{"@type":"ListItem","position":3,"name":"Lokallagssamling"}]},{"@type":"WebSite","@id":"https:\/\/mentalhelse.no\/trondelag\/#website","url":"https:\/\/mentalhelse.no\/trondelag\/","name":"Tr\u00f8ndelag","description":"","potentialAction":[{"@type":"SearchAction","target":{"@type":"EntryPoint","urlTemplate":"https:\/\/mentalhelse.no\/trondelag\/?s={search_term_string}"},"query-input":"required name=search_term_string"}],"inLanguage":"nb-NO"}]}},"_links":{"self":[{"href":"https:\/\/mentalhelse.no\/trondelag\/wp-json\/wp\/v2\/news\/1342","targetHints":{"allow":["GET"]}}],"collection":[{"href":"https:\/\/mentalhelse.no\/trondelag\/wp-json\/wp\/v2\/news"}],"about":[{"href":"https:\/\/mentalhelse.no\/trondelag\/wp-json\/wp\/v2\/types\/news"}],"author":[{"embeddable":true,"href":"https:\/\/mentalhelse.no\/trondelag\/wp-json\/wp\/v2\/users\/36"}],"wp:featuredmedia":[{"embeddable":true,"href":"https:\/\/mentalhelse.no\/trondelag\/wp-json\/wp\/v2\/media\/1343"}],"wp:attachment":[{"href":"https:\/\/mentalhelse.no\/trondelag\/wp-json\/wp\/v2\/media?parent=1342"}],"wp:term":[{"taxonomy":"news_category","embeddable":true,"href":"https:\/\/mentalhelse.no\/trondelag\/wp-json\/wp\/v2\/news_category?post=1342"}],"curies":[{"name":"wp","href":"https:\/\/api.w.org\/{rel}","templated":true}]}}