{"id":1193,"date":"2024-05-12T20:33:39","date_gmt":"2024-05-12T20:33:39","guid":{"rendered":"https:\/\/mentalhelse.no\/ullensaker\/?post_type=news&#038;p=1193"},"modified":"2024-05-13T20:42:22","modified_gmt":"2024-05-13T20:42:22","slug":"mental-helse-ullensaker-har-nytt-telefonnummer","status":"publish","type":"news","link":"https:\/\/mentalhelse.no\/ullensaker\/aktuelt\/mental-helse-ullensaker-har-nytt-telefonnummer\/","title":{"rendered":"Mental Helse Ullensaker har f\u00e5tt nytt telefonnummer"},"content":{"rendered":"<figure class=\"alignwide wp-block-post-featured-image\"><img decoding=\"async\" src=\"data:image\/jpeg;base64, \/9j\/4AAQSkZJRgABAQEAYABgAAD\/\/gA+Q1JFQVRPUjogZ2QtanBlZyB2MS4wICh1c2luZyBJSkcgSlBFRyB2ODApLCBkZWZhdWx0IHF1YWxpdHkK\/9sAQwAIBgYHBgUIBwcHCQkICgwUDQwLCwwZEhMPFB0aHx4dGhwcICQuJyAiLCMcHCg3KSwwMTQ0NB8nOT04MjwuMzQy\/9sAQwEJCQkMCwwYDQ0YMiEcITIyMjIyMjIyMjIyMjIyMjIyMjIyMjIyMjIyMjIyMjIyMjIyMjIyMjIyMjIyMjIyMjIy\/8AAEQgBLAEsAwEiAAIRAQMRAf\/EAB8AAAEFAQEBAQEBAAAAAAAAAAABAgMEBQYHCAkKC\/\/EALUQAAIBAwMCBAMFBQQEAAABfQECAwAEEQUSITFBBhNRYQcicRQygZGhCCNCscEVUtHwJDNicoIJChYXGBkaJSYnKCkqNDU2Nzg5OkNERUZHSElKU1RVVldYWVpjZGVmZ2hpanN0dXZ3eHl6g4SFhoeIiYqSk5SVlpeYmZqio6Slpqeoqaqys7S1tre4ubrCw8TFxsfIycrS09TV1tfY2drh4uPk5ebn6Onq8fLz9PX29\/j5+v\/EAB8BAAMBAQEBAQEBAQEAAAAAAAABAgMEBQYHCAkKC\/\/EALURAAIBAgQEAwQHBQQEAAECdwABAgMRBAUhMQYSQVEHYXETIjKBCBRCkaGxwQkjM1LwFWJy0QoWJDThJfEXGBkaJicoKSo1Njc4OTpDREVGR0hJSlNUVVZXWFlaY2RlZmdoaWpzdHV2d3h5eoKDhIWGh4iJipKTlJWWl5iZmqKjpKWmp6ipqrKztLW2t7i5usLDxMXGx8jJytLT1NXW19jZ2uLj5OXm5+jp6vLz9PX29\/j5+v\/aAAwDAQACEQMRAD8A9goooqRhRRRQAUUUUAFFFFABRRRQAUUUUAFFFFABRRRQAUUUUAFFFFABRRRQAUUUUAFFFFABRRRQAUUUUAFFFFABRRRQAUUUUAFFFFABRRRQAUUUUAFFFFABRRRQAUUUUAFFFFABRRRQAUUUUAFFFFABRRRQAUUUUAFFFFABRRRQAUUUUAFFFFABRRRQAUUUUAFFFFABRRRQAUUUUAFFFFABRRRQAUUUUAFFFFABRRRQAUUUUAFFFFABRRRQAUUUUAFFFFABRRRQAUUUUAFFFFABRRRQAUUUUAFFFFABRRRQAUUUUAFFFFABRRRQAUUUUAFFFFABRRRQAUUUUAFFFFABRRRQAUUUUAFFFFABRRRQAUUUUAFFFFABRRRQAUUUUAFFFFABRRRQAUUUUAFFFFABRRRQAUUUUAFFFFABRRRQAUUUUAFFFFABRRRQAUUUUAFFFFABRRRQAUUUUAFFFFABRRRQAUUUUAFFFFABRRRQAUUUUAFFFFABRRRQAUUUUAFFFFABRRRQAUUUUAFFFFABRRRQAUUUUAFFFFABRRRQAUUUUAFFFFABRRRQAUUUUAFFFFABRRRQAUUUUAFFFFABRRRQAUUUUAFFFFABRRRQAUUUUAFFFFABRRRQAUUUUAFFFFABRRRQAUUUUAFFFFABRRRQAUUUUAFFFFABRRRQAUUUUAFFFFABRRRQAUUUUAFFFFABRRRQAUUUUAFFFFABRRRQAUUUUAFFFFABRRRQAUUUUAFFFFABRRRQAUUUUAFFFFABRRRQAUUUUAFFFFABRRRQAUUUUAFFFFABRRRQAUUUUAFFFFABRRRQAUUUUAFFFFABRRRQAUUUUAFFFFABRRRQAUUUUAFFFFABRRRQAUUUUAFFFFABRRRQAUUUUAFFFFABRRRQAUUUUAFFFFABRRRQAUUUUAFFFFABRRRQAUUUUAFFFFABRRRQAUUUUAFFV75mSzkZWKkY5Bx3FQJJcfbIllY43MuMY3YHWgC\/RRRQAUUUUAFFFFABRRRQAUUUUAFFFFABRRRQAUUUUAFFFFABRRRQAUUUUAFFFFABRRRQAUUUUAFFFFABRRRQAUUUUAFFFFADJolniaNiQD6UNEryxyEnKZx+NPooAKKKKACiiigAooooAKKKKACiiigAooooAKKKKACiiigAooooAKKKKACiiigAooooAKKKKACiiigAooooAKKKKACiiigAooooAKKKKACiiigAooooAKKKKACiiigAooooAKKKKACiiigAooooAKKKKACiiigAooooAKKKKACiiigAooooAKKKKACiiigAooooAKKKKACiiigAooooAKKKKACiiigAooooAKKKKACiiigAooooAKKKKACiiigAooooAKKKKACiiigAooooAKKKKACiiigAooooAKKKKACiiigAooooAKKKKACiiigAooooAKKKKACiiigAooooAKKKKACiiigAooooAKKKKACiiigAooooAKKKKACiiigAooooAKKKKACiiigAooooAKKKKACiiigAooooAKKKKACiiigAooooAKKKKACiiigAooooAKKKKACiiigAooooAKKKKACiiigAooooAKKKKACiiigAooooAKKKKACiiigAooooAKKKKACiiigAooooAKKKKACiiigAooooAKKKKACiiigAooooAKKKKACiiigAooooAKKKKACiiigAooooAKKKKACiiigAooooAKKKKACiiigAooooAKKKKACiiigAooooAKKKKACiiigAooooAKKKKACiiigAooooAKKKKACiiigAooooAKKKKACiiigAooooAKKKKACiiigAooooAKKKKACiiigAooooAKKKKACiiigAooooAKKKKACiiigAooooAKKKKACiiigAooooAKKKKACiiigAooooAKKKKACiiigAooooAKKKKACiiigAooooAKKKKACiiigAooooAKKKKACiiigD\/9k=\" alt=\"Mental Helse Ullensaker har f\u00e5tt nytt telefonnummer\"\/><\/figure>\n\n<h3 class=\"wp-block-post-title\">Mental Helse Ullensaker har f\u00e5tt nytt telefonnummer<\/h3>\n\n\n<p>Vi \u00f8nsker \u00e5 informere om at vi har fra 12 mai 2024 f\u00e5tt nytt telefonnummer. Det nye nummret er 403 07 345<\/p>\n\n\n\n<p>Nummret 932 24 066 vil ikke <a><\/a>v\u00e6re i bruk.<\/p>\n\n\n\n\t\t<div class=\"mh-related-posts alignfull alignfull wp-block-mentalhelse-related-posts gray-mode\">\n\t\t\t<div class=\"mh-related-posts__inner\">\n\t\t\t\t\n\n<h3 class=\"wp-block-heading\" id=\"h-\"><\/h3>\n\n\n<div class=\"t2-featured-content-layout alignwide alignwide wp-block-t2-featured-content-layout\">\n<div class=\"t2-featured-query-post t2-featured-content is-post-type-news wp-block-t2-featured-query-post t2-featured-content-layout-col-4\"><a class=\"t2-post-link wp-block-t2-post-link\" href=\"https:\/\/mentalhelse.no\/ullensaker\/aktuelt\/onsdag-29-april-er-avlyst\/\">\n\t<figure style=\"--t2-focal-point: 50% 50%;\" class=\"t2-post-featured-image has-image-ratio-16-9 wp-block-t2-post-featured-image\"><img loading=\"lazy\" decoding=\"async\" width=\"2560\" height=\"1076\" src=\"https:\/\/mentalhelse.no\/content\/uploads\/sites\/336\/2025\/05\/sommerbilde-scaled.jpeg\" class=\"attachment-post-thumbnail size-post-thumbnail wp-post-image\" alt=\"\" srcset=\"https:\/\/mentalhelse.no\/content\/uploads\/sites\/336\/2025\/05\/sommerbilde-scaled.jpeg 2560w, https:\/\/mentalhelse.no\/content\/uploads\/sites\/336\/2025\/05\/sommerbilde-300x126.jpeg 300w, https:\/\/mentalhelse.no\/content\/uploads\/sites\/336\/2025\/05\/sommerbilde-1024x431.jpeg 1024w, https:\/\/mentalhelse.no\/content\/uploads\/sites\/336\/2025\/05\/sommerbilde-768x323.jpeg 768w, https:\/\/mentalhelse.no\/content\/uploads\/sites\/336\/2025\/05\/sommerbilde-1536x646.jpeg 1536w, https:\/\/mentalhelse.no\/content\/uploads\/sites\/336\/2025\/05\/sommerbilde-2048x861.jpeg 2048w\" sizes=\"auto, (max-width: 2560px) 100vw, 2560px\" style=\"--focal-point: 50% 50%;\" \/><\/figure>\n<\/a>\n\n<div class=\"wp-block-group postinfo alignfull is-layout-flow wp-block-group-is-layout-flow\">\n\t<div class=\"wp-block-mentalhelse-post-category\">\n\t\t\t\t\t<div class=\"post-type\">\n\t\t\t\t\t\t<a href=\"https:\/\/mentalhelse.no\/ullensaker\/aktuelt\/\">Nyheter<\/a>\n\t\t\t\t\t<\/div>\n\t\t\t\t\t\n\t\t\t\t\t<div class=\"post-category\">\n\t\t\t\t\t\t\n\t\t\t\t\t<\/div>\n\t\t\t<\/div>\n\t<a class=\"t2-post-link wp-block-t2-post-link\" href=\"https:\/\/mentalhelse.no\/ullensaker\/aktuelt\/onsdag-29-april-er-avlyst\/\">\n\t<h2 class=\"t2-post-title wp-block-t2-post-title\">Onsdag 29 april er avlyst<\/h2>\n\t<\/a>\n<\/div>\n\n<\/div>\n\n<div class=\"t2-featured-query-post t2-featured-content is-post-type-news wp-block-t2-featured-query-post t2-featured-content-layout-col-4\"><a class=\"t2-post-link wp-block-t2-post-link\" href=\"https:\/\/mentalhelse.no\/ullensaker\/aktuelt\/foredrag-hos-mental-helse-ullensaker\/\">\n\t<figure style=\"--t2-focal-point: 50% 50%;\" class=\"t2-post-featured-image has-image-ratio-16-9 wp-block-t2-post-featured-image\"><img loading=\"lazy\" decoding=\"async\" width=\"1152\" height=\"1016\" src=\"https:\/\/mentalhelse.no\/content\/uploads\/sites\/336\/2024\/10\/Bildeforedrag.jpg\" class=\"attachment-post-thumbnail size-post-thumbnail wp-post-image\" alt=\"\" srcset=\"https:\/\/mentalhelse.no\/content\/uploads\/sites\/336\/2024\/10\/Bildeforedrag.jpg 1152w, https:\/\/mentalhelse.no\/content\/uploads\/sites\/336\/2024\/10\/Bildeforedrag-300x265.jpg 300w, https:\/\/mentalhelse.no\/content\/uploads\/sites\/336\/2024\/10\/Bildeforedrag-1024x903.jpg 1024w, https:\/\/mentalhelse.no\/content\/uploads\/sites\/336\/2024\/10\/Bildeforedrag-768x677.jpg 768w\" sizes=\"auto, (max-width: 1152px) 100vw, 1152px\" style=\"--focal-point: 50% 50%;\" \/><\/figure>\n<\/a>\n\n<div class=\"wp-block-group postinfo alignfull is-layout-flow wp-block-group-is-layout-flow\">\n\t<div class=\"wp-block-mentalhelse-post-category\">\n\t\t\t\t\t<div class=\"post-type\">\n\t\t\t\t\t\t<a href=\"https:\/\/mentalhelse.no\/ullensaker\/aktuelt\/\">Nyheter<\/a>\n\t\t\t\t\t<\/div>\n\t\t\t\t\t\n\t\t\t\t\t<div class=\"post-category\">\n\t\t\t\t\t\t\n\t\t\t\t\t<\/div>\n\t\t\t<\/div>\n\t<a class=\"t2-post-link wp-block-t2-post-link\" href=\"https:\/\/mentalhelse.no\/ullensaker\/aktuelt\/foredrag-hos-mental-helse-ullensaker\/\">\n\t<h2 class=\"t2-post-title wp-block-t2-post-title\">Foredrag hos Mental Helse Ullensaker<\/h2>\n\t<\/a>\n<\/div>\n\n<\/div>\n\n<div class=\"t2-featured-query-post t2-featured-content is-post-type-news wp-block-t2-featured-query-post t2-featured-content-layout-col-4\"><a class=\"t2-post-link wp-block-t2-post-link\" href=\"https:\/\/mentalhelse.no\/ullensaker\/aktuelt\/vi-starter-opp-med-mannegruppe-fra-hosten\/\">\n\t<figure style=\"--t2-focal-point: 50% 50%;\" class=\"t2-post-featured-image has-image-ratio-16-9 wp-block-t2-post-featured-image\"><img loading=\"lazy\" decoding=\"async\" width=\"1500\" height=\"1500\" src=\"https:\/\/mentalhelse.no\/content\/uploads\/sites\/336\/2024\/06\/samtalegruppe-2.jpg\" class=\"attachment-post-thumbnail size-post-thumbnail wp-post-image\" alt=\"\" srcset=\"https:\/\/mentalhelse.no\/content\/uploads\/sites\/336\/2024\/06\/samtalegruppe-2.jpg 1500w, https:\/\/mentalhelse.no\/content\/uploads\/sites\/336\/2024\/06\/samtalegruppe-2-300x300.jpg 300w, https:\/\/mentalhelse.no\/content\/uploads\/sites\/336\/2024\/06\/samtalegruppe-2-1024x1024.jpg 1024w, https:\/\/mentalhelse.no\/content\/uploads\/sites\/336\/2024\/06\/samtalegruppe-2-150x150.jpg 150w, https:\/\/mentalhelse.no\/content\/uploads\/sites\/336\/2024\/06\/samtalegruppe-2-768x768.jpg 768w\" sizes=\"auto, (max-width: 1500px) 100vw, 1500px\" style=\"--focal-point: 50% 50%;\" \/><\/figure>\n<\/a>\n\n<div class=\"wp-block-group postinfo alignfull is-layout-flow wp-block-group-is-layout-flow\">\n\t<div class=\"wp-block-mentalhelse-post-category\">\n\t\t\t\t\t<div class=\"post-type\">\n\t\t\t\t\t\t<a href=\"https:\/\/mentalhelse.no\/ullensaker\/aktuelt\/\">Nyheter<\/a>\n\t\t\t\t\t<\/div>\n\t\t\t\t\t\n\t\t\t\t\t<div class=\"post-category\">\n\t\t\t\t\t\t\n\t\t\t\t\t<\/div>\n\t\t\t<\/div>\n\t<a class=\"t2-post-link wp-block-t2-post-link\" href=\"https:\/\/mentalhelse.no\/ullensaker\/aktuelt\/vi-starter-opp-med-mannegruppe-fra-hosten\/\">\n\t<h2 class=\"t2-post-title wp-block-t2-post-title\">Vi starter opp med mannegruppe fra h\u00f8sten<\/h2>\n\t<\/a>\n<\/div>\n\n<\/div>\n<\/div>\n\n\t\t\t<\/div>\n\t\t<\/div>","protected":false},"excerpt":{"rendered":"<p>Vi \u00f8nsker \u00e5 informere om at vi har fra 12 mai 2024 f\u00e5tt nytt telefonnummer. Det nye nummret er 403 07 345 Nummret 932 24&#8230;<\/p>\n","protected":false},"author":130,"featured_media":0,"parent":0,"template":"","meta":{"t2_featured_media_focal_point":{"x":0.5,"y":0.5},"mh_hide_title":true},"news_category":[],"class_list":["post-1193","news","type-news","status-publish","hentry"],"yoast_head":"<!-- This site is optimized with the Yoast SEO Premium plugin v21.2 (Yoast SEO v21.2) - https:\/\/yoast.com\/wordpress\/plugins\/seo\/ -->\n<title>Mental Helse Mental Helse - Ullensaker har f\u00e5tt nytt telefonnummer - Mental Helse - Ullensaker<\/title>\n<meta name=\"robots\" content=\"index, follow, max-snippet:-1, max-image-preview:large, max-video-preview:-1\" \/>\n<link rel=\"canonical\" href=\"http:\/\/mentalhelse.no\/ullensaker\/aktuelt\/mental-helse-ullensaker-har-nytt-telefonnummer\/\" \/>\n<meta property=\"og:locale\" content=\"nb_NO\" \/>\n<meta property=\"og:type\" content=\"article\" \/>\n<meta property=\"og:title\" content=\"Mental Helse Ullensaker har f\u00e5tt nytt telefonnummer\" \/>\n<meta property=\"og:description\" content=\"Vi \u00f8nsker \u00e5 informere om at vi har fra 12 mai 2024 f\u00e5tt nytt telefonnummer. Det nye nummret er 403 07 345 Nummret 932 24...\" \/>\n<meta property=\"og:url\" content=\"http:\/\/mentalhelse.no\/ullensaker\/aktuelt\/mental-helse-ullensaker-har-nytt-telefonnummer\/\" \/>\n<meta property=\"og:site_name\" content=\"Ullensaker\" \/>\n<meta property=\"article:modified_time\" content=\"2024-05-13T20:42:22+00:00\" \/>\n<meta name=\"twitter:card\" content=\"summary_large_image\" \/>\n<meta name=\"twitter:label1\" content=\"Ansl. lesetid\" \/>\n\t<meta name=\"twitter:data1\" content=\"1 minutt\" \/>\n<script type=\"application\/ld+json\" class=\"yoast-schema-graph\">{\"@context\":\"https:\/\/schema.org\",\"@graph\":[{\"@type\":\"WebPage\",\"@id\":\"http:\/\/mentalhelse.no\/ullensaker\/aktuelt\/mental-helse-ullensaker-har-nytt-telefonnummer\/\",\"url\":\"http:\/\/mentalhelse.no\/ullensaker\/aktuelt\/mental-helse-ullensaker-har-nytt-telefonnummer\/\",\"name\":\"Mental Helse Ullensaker har f\u00e5tt nytt telefonnummer - Ullensaker\",\"isPartOf\":{\"@id\":\"https:\/\/mentalhelse.no\/ullensaker\/#website\"},\"datePublished\":\"2024-05-12T20:33:39+00:00\",\"dateModified\":\"2024-05-13T20:42:22+00:00\",\"breadcrumb\":{\"@id\":\"http:\/\/mentalhelse.no\/ullensaker\/aktuelt\/mental-helse-ullensaker-har-nytt-telefonnummer\/#breadcrumb\"},\"inLanguage\":\"nb-NO\",\"potentialAction\":[{\"@type\":\"ReadAction\",\"target\":[\"http:\/\/mentalhelse.no\/ullensaker\/aktuelt\/mental-helse-ullensaker-har-nytt-telefonnummer\/\"]}]},{\"@type\":\"BreadcrumbList\",\"@id\":\"http:\/\/mentalhelse.no\/ullensaker\/aktuelt\/mental-helse-ullensaker-har-nytt-telefonnummer\/#breadcrumb\",\"itemListElement\":[{\"@type\":\"ListItem\",\"position\":1,\"name\":\"Hjem\",\"item\":\"https:\/\/mentalhelse.no\/ullensaker\/\"},{\"@type\":\"ListItem\",\"position\":2,\"name\":\"Nyheter\",\"item\":\"https:\/\/mentalhelse.no\/ullensaker\/aktuelt\/\"},{\"@type\":\"ListItem\",\"position\":3,\"name\":\"Mental Helse Ullensaker har f\u00e5tt nytt telefonnummer\"}]},{\"@type\":\"WebSite\",\"@id\":\"https:\/\/mentalhelse.no\/ullensaker\/#website\",\"url\":\"https:\/\/mentalhelse.no\/ullensaker\/\",\"name\":\"Ullensaker\",\"description\":\"\",\"potentialAction\":[{\"@type\":\"SearchAction\",\"target\":{\"@type\":\"EntryPoint\",\"urlTemplate\":\"https:\/\/mentalhelse.no\/ullensaker\/?s={search_term_string}\"},\"query-input\":\"required name=search_term_string\"}],\"inLanguage\":\"nb-NO\"}]}<\/script>\n<!-- \/ Yoast SEO Premium plugin. -->","yoast_head_json":{"title":"Mental Helse Mental Helse - Ullensaker har f\u00e5tt nytt telefonnummer - Mental Helse - Ullensaker","robots":{"index":"index","follow":"follow","max-snippet":"max-snippet:-1","max-image-preview":"max-image-preview:large","max-video-preview":"max-video-preview:-1"},"canonical":"http:\/\/mentalhelse.no\/ullensaker\/aktuelt\/mental-helse-ullensaker-har-nytt-telefonnummer\/","og_locale":"nb_NO","og_type":"article","og_title":"Mental Helse Ullensaker har f\u00e5tt nytt telefonnummer","og_description":"Vi \u00f8nsker \u00e5 informere om at vi har fra 12 mai 2024 f\u00e5tt nytt telefonnummer. Det nye nummret er 403 07 345 Nummret 932 24...","og_url":"http:\/\/mentalhelse.no\/ullensaker\/aktuelt\/mental-helse-ullensaker-har-nytt-telefonnummer\/","og_site_name":"Ullensaker","article_modified_time":"2024-05-13T20:42:22+00:00","twitter_card":"summary_large_image","twitter_misc":{"Ansl. lesetid":"1 minutt"},"schema":{"@context":"https:\/\/schema.org","@graph":[{"@type":"WebPage","@id":"http:\/\/mentalhelse.no\/ullensaker\/aktuelt\/mental-helse-ullensaker-har-nytt-telefonnummer\/","url":"http:\/\/mentalhelse.no\/ullensaker\/aktuelt\/mental-helse-ullensaker-har-nytt-telefonnummer\/","name":"Mental Helse Ullensaker har f\u00e5tt nytt telefonnummer - Ullensaker","isPartOf":{"@id":"https:\/\/mentalhelse.no\/ullensaker\/#website"},"datePublished":"2024-05-12T20:33:39+00:00","dateModified":"2024-05-13T20:42:22+00:00","breadcrumb":{"@id":"http:\/\/mentalhelse.no\/ullensaker\/aktuelt\/mental-helse-ullensaker-har-nytt-telefonnummer\/#breadcrumb"},"inLanguage":"nb-NO","potentialAction":[{"@type":"ReadAction","target":["http:\/\/mentalhelse.no\/ullensaker\/aktuelt\/mental-helse-ullensaker-har-nytt-telefonnummer\/"]}]},{"@type":"BreadcrumbList","@id":"http:\/\/mentalhelse.no\/ullensaker\/aktuelt\/mental-helse-ullensaker-har-nytt-telefonnummer\/#breadcrumb","itemListElement":[{"@type":"ListItem","position":1,"name":"Hjem","item":"https:\/\/mentalhelse.no\/ullensaker\/"},{"@type":"ListItem","position":2,"name":"Nyheter","item":"https:\/\/mentalhelse.no\/ullensaker\/aktuelt\/"},{"@type":"ListItem","position":3,"name":"Mental Helse Ullensaker har f\u00e5tt nytt telefonnummer"}]},{"@type":"WebSite","@id":"https:\/\/mentalhelse.no\/ullensaker\/#website","url":"https:\/\/mentalhelse.no\/ullensaker\/","name":"Ullensaker","description":"","potentialAction":[{"@type":"SearchAction","target":{"@type":"EntryPoint","urlTemplate":"https:\/\/mentalhelse.no\/ullensaker\/?s={search_term_string}"},"query-input":"required name=search_term_string"}],"inLanguage":"nb-NO"}]}},"_links":{"self":[{"href":"https:\/\/mentalhelse.no\/ullensaker\/wp-json\/wp\/v2\/news\/1193","targetHints":{"allow":["GET"]}}],"collection":[{"href":"https:\/\/mentalhelse.no\/ullensaker\/wp-json\/wp\/v2\/news"}],"about":[{"href":"https:\/\/mentalhelse.no\/ullensaker\/wp-json\/wp\/v2\/types\/news"}],"author":[{"embeddable":true,"href":"https:\/\/mentalhelse.no\/ullensaker\/wp-json\/wp\/v2\/users\/130"}],"wp:attachment":[{"href":"https:\/\/mentalhelse.no\/ullensaker\/wp-json\/wp\/v2\/media?parent=1193"}],"wp:term":[{"taxonomy":"news_category","embeddable":true,"href":"https:\/\/mentalhelse.no\/ullensaker\/wp-json\/wp\/v2\/news_category?post=1193"}],"curies":[{"name":"wp","href":"https:\/\/api.w.org\/{rel}","templated":true}]}}