{"id":1209,"date":"2024-05-13T20:16:57","date_gmt":"2024-05-13T20:16:57","guid":{"rendered":"https:\/\/mentalhelse.no\/ullensaker\/?post_type=news&#038;p=1209"},"modified":"2025-04-24T15:18:40","modified_gmt":"2025-04-24T15:18:40","slug":"mental-helse-ullensaker-soker-frivillige-2","status":"publish","type":"news","link":"https:\/\/mentalhelse.no\/ullensaker\/aktuelt\/mental-helse-ullensaker-soker-frivillige-2\/","title":{"rendered":"Mental Helse Ullensaker s\u00f8ker frivillige"},"content":{"rendered":"\n<div class=\"wp-block-group alignwide is-layout-constrained wp-block-group-is-layout-constrained\"><\/div>\n\n\n<h1 class=\"wp-block-post-title\">Mental Helse Ullensaker s\u00f8ker frivillige<\/h1>\n\n<div class=\"is-img-top mh-byline wp-block-mh-byline\">\n                  <div class=\"mh-byline__inner\">\n                  \t\n                  \t<div class=\"mh-byline__meta\">\n                  \t\t<div class=\"mh-byline__post\">\n                  \t\t\t<div class=\"entry-date\">13.05.2024<\/div>\n                  \t\t<\/div>\n                  \t\t<div class=\"mh-byline__author\">\n                  \t\t\t <span class=\"mh-byline__author-link\">andbock<\/span>\n\t\t\t\t\t\t<\/div>\n\t\t\t\t\t<\/div>\n\t\t\t\t<\/div>\n\t\t<\/div>\n\n\n<p>Vi s\u00f8ker frivillige til v\u00e5re aktiviteter b\u00e5de p\u00e5 dag- og ettermiddagstid. Har du litt tid til overs og er opptatt av psykisk helse?&nbsp; Har du lyst til \u00e5 bli en del av et milj\u00f8 som bidrar til vekst, mestring og fellesskap?<\/p>\n\n\n\n<p> Vi \u00f8nsker og h\u00f8re fra deg som vil v\u00e6re med \u00e5 bidra frivillig. <\/p>\n\n\n\n<p>Ta kontakt Andreas H. B\u00f8ckmann p\u00e5 e-post andreashelge@outlook.com eller telefon 921 40 470  <\/p>\n\n\n\n<p>H\u00e5per \u00e5 h\u00f8re fra deg<\/p>\n\n\n\n\t\t<div class=\"mh-related-posts alignfull alignfull wp-block-mentalhelse-related-posts gray-mode\">\n\t\t\t<div class=\"mh-related-posts__inner\">\n\t\t\t\t\n\n<h3 class=\"wp-block-heading\" id=\"h-\"><\/h3>\n\n\n<div class=\"t2-featured-content-layout alignwide alignwide wp-block-t2-featured-content-layout\">\n<div class=\"t2-featured-query-post t2-featured-content is-post-type-news wp-block-t2-featured-query-post t2-featured-content-layout-col-4\"><a class=\"t2-post-link wp-block-t2-post-link\" href=\"https:\/\/mentalhelse.no\/ullensaker\/aktuelt\/onsdag-29-april-er-avlyst\/\">\n\t<figure style=\"--t2-focal-point: 50% 50%;\" class=\"t2-post-featured-image has-image-ratio-16-9 wp-block-t2-post-featured-image\"><img loading=\"lazy\" decoding=\"async\" width=\"2560\" height=\"1076\" src=\"https:\/\/mentalhelse.no\/content\/uploads\/sites\/336\/2025\/05\/sommerbilde-scaled.jpeg\" class=\"attachment-post-thumbnail size-post-thumbnail wp-post-image\" alt=\"\" srcset=\"https:\/\/mentalhelse.no\/content\/uploads\/sites\/336\/2025\/05\/sommerbilde-scaled.jpeg 2560w, https:\/\/mentalhelse.no\/content\/uploads\/sites\/336\/2025\/05\/sommerbilde-300x126.jpeg 300w, https:\/\/mentalhelse.no\/content\/uploads\/sites\/336\/2025\/05\/sommerbilde-1024x431.jpeg 1024w, https:\/\/mentalhelse.no\/content\/uploads\/sites\/336\/2025\/05\/sommerbilde-768x323.jpeg 768w, https:\/\/mentalhelse.no\/content\/uploads\/sites\/336\/2025\/05\/sommerbilde-1536x646.jpeg 1536w, https:\/\/mentalhelse.no\/content\/uploads\/sites\/336\/2025\/05\/sommerbilde-2048x861.jpeg 2048w\" sizes=\"auto, (max-width: 2560px) 100vw, 2560px\" style=\"--focal-point: 50% 50%;\" \/><\/figure>\n<\/a>\n\n<div class=\"wp-block-group postinfo alignfull is-layout-flow wp-block-group-is-layout-flow\">\n\t<div class=\"wp-block-mentalhelse-post-category\">\n\t\t\t\t\t<div class=\"post-type\">\n\t\t\t\t\t\t<a href=\"https:\/\/mentalhelse.no\/ullensaker\/aktuelt\/\">Nyheter<\/a>\n\t\t\t\t\t<\/div>\n\t\t\t\t\t\n\t\t\t\t\t<div class=\"post-category\">\n\t\t\t\t\t\t\n\t\t\t\t\t<\/div>\n\t\t\t<\/div>\n\t<a class=\"t2-post-link wp-block-t2-post-link\" href=\"https:\/\/mentalhelse.no\/ullensaker\/aktuelt\/onsdag-29-april-er-avlyst\/\">\n\t<h2 class=\"t2-post-title wp-block-t2-post-title\">Onsdag 29 april er avlyst<\/h2>\n\t<\/a>\n<\/div>\n\n<\/div>\n\n<div class=\"t2-featured-query-post t2-featured-content is-post-type-news wp-block-t2-featured-query-post t2-featured-content-layout-col-4\"><a class=\"t2-post-link wp-block-t2-post-link\" href=\"https:\/\/mentalhelse.no\/ullensaker\/aktuelt\/foredrag-hos-mental-helse-ullensaker\/\">\n\t<figure style=\"--t2-focal-point: 50% 50%;\" class=\"t2-post-featured-image has-image-ratio-16-9 wp-block-t2-post-featured-image\"><img loading=\"lazy\" decoding=\"async\" width=\"1152\" height=\"1016\" src=\"https:\/\/mentalhelse.no\/content\/uploads\/sites\/336\/2024\/10\/Bildeforedrag.jpg\" class=\"attachment-post-thumbnail size-post-thumbnail wp-post-image\" alt=\"\" srcset=\"https:\/\/mentalhelse.no\/content\/uploads\/sites\/336\/2024\/10\/Bildeforedrag.jpg 1152w, https:\/\/mentalhelse.no\/content\/uploads\/sites\/336\/2024\/10\/Bildeforedrag-300x265.jpg 300w, https:\/\/mentalhelse.no\/content\/uploads\/sites\/336\/2024\/10\/Bildeforedrag-1024x903.jpg 1024w, https:\/\/mentalhelse.no\/content\/uploads\/sites\/336\/2024\/10\/Bildeforedrag-768x677.jpg 768w\" sizes=\"auto, (max-width: 1152px) 100vw, 1152px\" style=\"--focal-point: 50% 50%;\" \/><\/figure>\n<\/a>\n\n<div class=\"wp-block-group postinfo alignfull is-layout-flow wp-block-group-is-layout-flow\">\n\t<div class=\"wp-block-mentalhelse-post-category\">\n\t\t\t\t\t<div class=\"post-type\">\n\t\t\t\t\t\t<a href=\"https:\/\/mentalhelse.no\/ullensaker\/aktuelt\/\">Nyheter<\/a>\n\t\t\t\t\t<\/div>\n\t\t\t\t\t\n\t\t\t\t\t<div class=\"post-category\">\n\t\t\t\t\t\t\n\t\t\t\t\t<\/div>\n\t\t\t<\/div>\n\t<a class=\"t2-post-link wp-block-t2-post-link\" href=\"https:\/\/mentalhelse.no\/ullensaker\/aktuelt\/foredrag-hos-mental-helse-ullensaker\/\">\n\t<h2 class=\"t2-post-title wp-block-t2-post-title\">Foredrag hos Mental Helse Ullensaker<\/h2>\n\t<\/a>\n<\/div>\n\n<\/div>\n\n<div class=\"t2-featured-query-post t2-featured-content is-post-type-news wp-block-t2-featured-query-post t2-featured-content-layout-col-4\"><a class=\"t2-post-link wp-block-t2-post-link\" href=\"https:\/\/mentalhelse.no\/ullensaker\/aktuelt\/vi-starter-opp-med-mannegruppe-fra-hosten\/\">\n\t<figure style=\"--t2-focal-point: 50% 50%;\" class=\"t2-post-featured-image has-image-ratio-16-9 wp-block-t2-post-featured-image\"><img loading=\"lazy\" decoding=\"async\" width=\"1500\" height=\"1500\" src=\"https:\/\/mentalhelse.no\/content\/uploads\/sites\/336\/2024\/06\/samtalegruppe-2.jpg\" class=\"attachment-post-thumbnail size-post-thumbnail wp-post-image\" alt=\"\" srcset=\"https:\/\/mentalhelse.no\/content\/uploads\/sites\/336\/2024\/06\/samtalegruppe-2.jpg 1500w, https:\/\/mentalhelse.no\/content\/uploads\/sites\/336\/2024\/06\/samtalegruppe-2-300x300.jpg 300w, https:\/\/mentalhelse.no\/content\/uploads\/sites\/336\/2024\/06\/samtalegruppe-2-1024x1024.jpg 1024w, https:\/\/mentalhelse.no\/content\/uploads\/sites\/336\/2024\/06\/samtalegruppe-2-150x150.jpg 150w, https:\/\/mentalhelse.no\/content\/uploads\/sites\/336\/2024\/06\/samtalegruppe-2-768x768.jpg 768w\" sizes=\"auto, (max-width: 1500px) 100vw, 1500px\" style=\"--focal-point: 50% 50%;\" \/><\/figure>\n<\/a>\n\n<div class=\"wp-block-group postinfo alignfull is-layout-flow wp-block-group-is-layout-flow\">\n\t<div class=\"wp-block-mentalhelse-post-category\">\n\t\t\t\t\t<div class=\"post-type\">\n\t\t\t\t\t\t<a href=\"https:\/\/mentalhelse.no\/ullensaker\/aktuelt\/\">Nyheter<\/a>\n\t\t\t\t\t<\/div>\n\t\t\t\t\t\n\t\t\t\t\t<div class=\"post-category\">\n\t\t\t\t\t\t\n\t\t\t\t\t<\/div>\n\t\t\t<\/div>\n\t<a class=\"t2-post-link wp-block-t2-post-link\" href=\"https:\/\/mentalhelse.no\/ullensaker\/aktuelt\/vi-starter-opp-med-mannegruppe-fra-hosten\/\">\n\t<h2 class=\"t2-post-title wp-block-t2-post-title\">Vi starter opp med mannegruppe fra h\u00f8sten<\/h2>\n\t<\/a>\n<\/div>\n\n<\/div>\n<\/div>\n\n\t\t\t<\/div>\n\t\t<\/div>","protected":false},"excerpt":{"rendered":"<p>Vi s\u00f8ker frivillige til v\u00e5re aktiviteter b\u00e5de p\u00e5 dag- og ettermiddagstid. Har du litt tid til overs og er opptatt av psykisk helse?&nbsp; Har du&#8230;<\/p>\n","protected":false},"author":130,"featured_media":0,"parent":0,"template":"","meta":{"t2_featured_media_focal_point":{"x":0.5,"y":0.5},"mh_hide_title":true},"news_category":[],"class_list":["post-1209","news","type-news","status-publish","hentry"],"yoast_head":"<!-- This site is optimized with the Yoast SEO Premium plugin v21.2 (Yoast SEO v21.2) - https:\/\/yoast.com\/wordpress\/plugins\/seo\/ -->\n<title>Mental Helse Mental Helse - Ullensaker s\u00f8ker frivillige - Mental Helse - Ullensaker<\/title>\n<meta name=\"robots\" content=\"index, follow, max-snippet:-1, max-image-preview:large, max-video-preview:-1\" \/>\n<link rel=\"canonical\" href=\"http:\/\/mentalhelse.no\/ullensaker\/aktuelt\/mental-helse-ullensaker-soker-frivillige-2\/\" \/>\n<meta property=\"og:locale\" content=\"nb_NO\" \/>\n<meta property=\"og:type\" content=\"article\" \/>\n<meta property=\"og:title\" content=\"Mental Helse Ullensaker s\u00f8ker frivillige\" \/>\n<meta property=\"og:description\" content=\"Vi s\u00f8ker frivillige til v\u00e5re aktiviteter b\u00e5de p\u00e5 dag- og ettermiddagstid. Har du litt tid til overs og er opptatt av psykisk helse?&nbsp; Har du...\" \/>\n<meta property=\"og:url\" content=\"http:\/\/mentalhelse.no\/ullensaker\/aktuelt\/mental-helse-ullensaker-soker-frivillige-2\/\" \/>\n<meta property=\"og:site_name\" content=\"Ullensaker\" \/>\n<meta property=\"article:modified_time\" content=\"2025-04-24T15:18:40+00:00\" \/>\n<meta name=\"twitter:card\" content=\"summary_large_image\" \/>\n<meta name=\"twitter:label1\" content=\"Ansl. lesetid\" \/>\n\t<meta name=\"twitter:data1\" content=\"1 minutt\" \/>\n<script type=\"application\/ld+json\" class=\"yoast-schema-graph\">{\"@context\":\"https:\/\/schema.org\",\"@graph\":[{\"@type\":\"WebPage\",\"@id\":\"http:\/\/mentalhelse.no\/ullensaker\/aktuelt\/mental-helse-ullensaker-soker-frivillige-2\/\",\"url\":\"http:\/\/mentalhelse.no\/ullensaker\/aktuelt\/mental-helse-ullensaker-soker-frivillige-2\/\",\"name\":\"Mental Helse Ullensaker s\u00f8ker frivillige - Ullensaker\",\"isPartOf\":{\"@id\":\"https:\/\/mentalhelse.no\/ullensaker\/#website\"},\"datePublished\":\"2024-05-13T20:16:57+00:00\",\"dateModified\":\"2025-04-24T15:18:40+00:00\",\"breadcrumb\":{\"@id\":\"http:\/\/mentalhelse.no\/ullensaker\/aktuelt\/mental-helse-ullensaker-soker-frivillige-2\/#breadcrumb\"},\"inLanguage\":\"nb-NO\",\"potentialAction\":[{\"@type\":\"ReadAction\",\"target\":[\"http:\/\/mentalhelse.no\/ullensaker\/aktuelt\/mental-helse-ullensaker-soker-frivillige-2\/\"]}]},{\"@type\":\"BreadcrumbList\",\"@id\":\"http:\/\/mentalhelse.no\/ullensaker\/aktuelt\/mental-helse-ullensaker-soker-frivillige-2\/#breadcrumb\",\"itemListElement\":[{\"@type\":\"ListItem\",\"position\":1,\"name\":\"Hjem\",\"item\":\"https:\/\/mentalhelse.no\/ullensaker\/\"},{\"@type\":\"ListItem\",\"position\":2,\"name\":\"Nyheter\",\"item\":\"https:\/\/mentalhelse.no\/ullensaker\/aktuelt\/\"},{\"@type\":\"ListItem\",\"position\":3,\"name\":\"Mental Helse Ullensaker s\u00f8ker frivillige\"}]},{\"@type\":\"WebSite\",\"@id\":\"https:\/\/mentalhelse.no\/ullensaker\/#website\",\"url\":\"https:\/\/mentalhelse.no\/ullensaker\/\",\"name\":\"Ullensaker\",\"description\":\"\",\"potentialAction\":[{\"@type\":\"SearchAction\",\"target\":{\"@type\":\"EntryPoint\",\"urlTemplate\":\"https:\/\/mentalhelse.no\/ullensaker\/?s={search_term_string}\"},\"query-input\":\"required name=search_term_string\"}],\"inLanguage\":\"nb-NO\"}]}<\/script>\n<!-- \/ Yoast SEO Premium plugin. -->","yoast_head_json":{"title":"Mental Helse Mental Helse - Ullensaker s\u00f8ker frivillige - Mental Helse - Ullensaker","robots":{"index":"index","follow":"follow","max-snippet":"max-snippet:-1","max-image-preview":"max-image-preview:large","max-video-preview":"max-video-preview:-1"},"canonical":"http:\/\/mentalhelse.no\/ullensaker\/aktuelt\/mental-helse-ullensaker-soker-frivillige-2\/","og_locale":"nb_NO","og_type":"article","og_title":"Mental Helse Ullensaker s\u00f8ker frivillige","og_description":"Vi s\u00f8ker frivillige til v\u00e5re aktiviteter b\u00e5de p\u00e5 dag- og ettermiddagstid. Har du litt tid til overs og er opptatt av psykisk helse?&nbsp; Har du...","og_url":"http:\/\/mentalhelse.no\/ullensaker\/aktuelt\/mental-helse-ullensaker-soker-frivillige-2\/","og_site_name":"Ullensaker","article_modified_time":"2025-04-24T15:18:40+00:00","twitter_card":"summary_large_image","twitter_misc":{"Ansl. lesetid":"1 minutt"},"schema":{"@context":"https:\/\/schema.org","@graph":[{"@type":"WebPage","@id":"http:\/\/mentalhelse.no\/ullensaker\/aktuelt\/mental-helse-ullensaker-soker-frivillige-2\/","url":"http:\/\/mentalhelse.no\/ullensaker\/aktuelt\/mental-helse-ullensaker-soker-frivillige-2\/","name":"Mental Helse Ullensaker s\u00f8ker frivillige - Ullensaker","isPartOf":{"@id":"https:\/\/mentalhelse.no\/ullensaker\/#website"},"datePublished":"2024-05-13T20:16:57+00:00","dateModified":"2025-04-24T15:18:40+00:00","breadcrumb":{"@id":"http:\/\/mentalhelse.no\/ullensaker\/aktuelt\/mental-helse-ullensaker-soker-frivillige-2\/#breadcrumb"},"inLanguage":"nb-NO","potentialAction":[{"@type":"ReadAction","target":["http:\/\/mentalhelse.no\/ullensaker\/aktuelt\/mental-helse-ullensaker-soker-frivillige-2\/"]}]},{"@type":"BreadcrumbList","@id":"http:\/\/mentalhelse.no\/ullensaker\/aktuelt\/mental-helse-ullensaker-soker-frivillige-2\/#breadcrumb","itemListElement":[{"@type":"ListItem","position":1,"name":"Hjem","item":"https:\/\/mentalhelse.no\/ullensaker\/"},{"@type":"ListItem","position":2,"name":"Nyheter","item":"https:\/\/mentalhelse.no\/ullensaker\/aktuelt\/"},{"@type":"ListItem","position":3,"name":"Mental Helse Ullensaker s\u00f8ker frivillige"}]},{"@type":"WebSite","@id":"https:\/\/mentalhelse.no\/ullensaker\/#website","url":"https:\/\/mentalhelse.no\/ullensaker\/","name":"Ullensaker","description":"","potentialAction":[{"@type":"SearchAction","target":{"@type":"EntryPoint","urlTemplate":"https:\/\/mentalhelse.no\/ullensaker\/?s={search_term_string}"},"query-input":"required name=search_term_string"}],"inLanguage":"nb-NO"}]}},"_links":{"self":[{"href":"https:\/\/mentalhelse.no\/ullensaker\/wp-json\/wp\/v2\/news\/1209","targetHints":{"allow":["GET"]}}],"collection":[{"href":"https:\/\/mentalhelse.no\/ullensaker\/wp-json\/wp\/v2\/news"}],"about":[{"href":"https:\/\/mentalhelse.no\/ullensaker\/wp-json\/wp\/v2\/types\/news"}],"author":[{"embeddable":true,"href":"https:\/\/mentalhelse.no\/ullensaker\/wp-json\/wp\/v2\/users\/130"}],"wp:attachment":[{"href":"https:\/\/mentalhelse.no\/ullensaker\/wp-json\/wp\/v2\/media?parent=1209"}],"wp:term":[{"taxonomy":"news_category","embeddable":true,"href":"https:\/\/mentalhelse.no\/ullensaker\/wp-json\/wp\/v2\/news_category?post=1209"}],"curies":[{"name":"wp","href":"https:\/\/api.w.org\/{rel}","templated":true}]}}