{"id":1402,"date":"2024-10-28T19:03:26","date_gmt":"2024-10-28T19:03:26","guid":{"rendered":"https:\/\/mentalhelse.no\/ullensaker\/?post_type=news&#038;p=1402"},"modified":"2024-10-28T19:03:27","modified_gmt":"2024-10-28T19:03:27","slug":"foredrag-hos-mental-helse-ullensaker","status":"publish","type":"news","link":"https:\/\/mentalhelse.no\/ullensaker\/aktuelt\/foredrag-hos-mental-helse-ullensaker\/","title":{"rendered":"Foredrag hos Mental Helse Ullensaker"},"content":{"rendered":"<figure style=\"aspect-ratio:16\/9;width:50%;height:50%;\" class=\"alignwide wp-block-post-featured-image\"><img loading=\"lazy\" decoding=\"async\" width=\"1152\" height=\"1016\" src=\"https:\/\/mentalhelse.no\/content\/uploads\/sites\/336\/2024\/10\/Bildeforedrag.jpg\" class=\"attachment-post-thumbnail size-post-thumbnail wp-post-image\" alt=\"\" style=\"width:100%;height:100%;object-fit:cover; --focal-point: 50% 50%;\" srcset=\"https:\/\/mentalhelse.no\/content\/uploads\/sites\/336\/2024\/10\/Bildeforedrag.jpg 1152w, https:\/\/mentalhelse.no\/content\/uploads\/sites\/336\/2024\/10\/Bildeforedrag-300x265.jpg 300w, https:\/\/mentalhelse.no\/content\/uploads\/sites\/336\/2024\/10\/Bildeforedrag-1024x903.jpg 1024w, https:\/\/mentalhelse.no\/content\/uploads\/sites\/336\/2024\/10\/Bildeforedrag-768x677.jpg 768w\" sizes=\"auto, (max-width: 1152px) 100vw, 1152px\" \/><\/figure>\n\n<h1 class=\"wp-block-post-title\">Foredrag hos Mental Helse Ullensaker<\/h1>\n\n<div class=\"is-img-top mh-byline wp-block-mh-byline\">\n                  <div class=\"mh-byline__inner\">\n                  \t\n                  \t<div class=\"mh-byline__meta\">\n                  \t\t<div class=\"mh-byline__post\">\n                  \t\t\t<div class=\"entry-date\">28.10.2024<\/div>\n                  \t\t<\/div>\n                  \t\t<div class=\"mh-byline__author\">\n                  \t\t\t <span class=\"mh-byline__author-link\">andbock<\/span>\n\t\t\t\t\t\t<\/div>\n\t\t\t\t\t<\/div>\n\t\t\t\t<\/div>\n\t\t<\/div>\n\n\n<p>Hvilken kveld! Foredraget med Einar Madsen om hvorfor Mental Helse, var b\u00e5de r\u00f8rende og tankevekkende. Einars \u00e5penhet og innsikt var til stor inspirasjon for oss alle. Tusen takk til alle som m\u00f8tte opp, og til Einar for at du kom til Algarheim. Sammen skaper vi et mer \u00e5pent og inkluderende samfunn.<\/p>\n\n\n\n\t\t<div class=\"mh-related-posts alignfull alignfull wp-block-mentalhelse-related-posts gray-mode\">\n\t\t\t<div class=\"mh-related-posts__inner\">\n\t\t\t\t\n\n<h3 class=\"wp-block-heading\" id=\"h-also-read\">Also read<\/h3>\n\n\n<div class=\"t2-featured-content-layout alignwide alignwide wp-block-t2-featured-content-layout\">\n<div class=\"t2-featured-query-post t2-featured-content is-post-type-news wp-block-t2-featured-query-post t2-featured-content-layout-col-4\"><a class=\"t2-post-link wp-block-t2-post-link\" href=\"https:\/\/mentalhelse.no\/ullensaker\/aktuelt\/onsdag-29-april-er-avlyst\/\">\n\t<figure style=\"--t2-focal-point: 50% 50%;\" class=\"t2-post-featured-image has-image-ratio-16-9 wp-block-t2-post-featured-image\"><img loading=\"lazy\" decoding=\"async\" width=\"2560\" height=\"1076\" src=\"https:\/\/mentalhelse.no\/content\/uploads\/sites\/336\/2025\/05\/sommerbilde-scaled.jpeg\" class=\"attachment-post-thumbnail size-post-thumbnail wp-post-image\" alt=\"\" srcset=\"https:\/\/mentalhelse.no\/content\/uploads\/sites\/336\/2025\/05\/sommerbilde-scaled.jpeg 2560w, https:\/\/mentalhelse.no\/content\/uploads\/sites\/336\/2025\/05\/sommerbilde-300x126.jpeg 300w, https:\/\/mentalhelse.no\/content\/uploads\/sites\/336\/2025\/05\/sommerbilde-1024x431.jpeg 1024w, https:\/\/mentalhelse.no\/content\/uploads\/sites\/336\/2025\/05\/sommerbilde-768x323.jpeg 768w, https:\/\/mentalhelse.no\/content\/uploads\/sites\/336\/2025\/05\/sommerbilde-1536x646.jpeg 1536w, https:\/\/mentalhelse.no\/content\/uploads\/sites\/336\/2025\/05\/sommerbilde-2048x861.jpeg 2048w\" sizes=\"auto, (max-width: 2560px) 100vw, 2560px\" style=\"--focal-point: 50% 50%;\" \/><\/figure>\n<\/a>\n\n<div class=\"wp-block-group postinfo alignfull is-layout-flow wp-block-group-is-layout-flow\">\n\t<div class=\"wp-block-mentalhelse-post-category\">\n\t\t\t\t\t<div class=\"post-type\">\n\t\t\t\t\t\t<a href=\"https:\/\/mentalhelse.no\/ullensaker\/aktuelt\/\">Nyheter<\/a>\n\t\t\t\t\t<\/div>\n\t\t\t\t\t\n\t\t\t\t\t<div class=\"post-category\">\n\t\t\t\t\t\t\n\t\t\t\t\t<\/div>\n\t\t\t<\/div>\n\t<a class=\"t2-post-link wp-block-t2-post-link\" href=\"https:\/\/mentalhelse.no\/ullensaker\/aktuelt\/onsdag-29-april-er-avlyst\/\">\n\t<h2 class=\"t2-post-title wp-block-t2-post-title\">Onsdag 29 april er avlyst<\/h2>\n\t<\/a>\n<\/div>\n\n<\/div>\n\n<div class=\"t2-featured-query-post t2-featured-content is-post-type-news wp-block-t2-featured-query-post t2-featured-content-layout-col-4\"><a class=\"t2-post-link wp-block-t2-post-link\" href=\"https:\/\/mentalhelse.no\/ullensaker\/aktuelt\/vi-starter-opp-med-mannegruppe-fra-hosten\/\">\n\t<figure style=\"--t2-focal-point: 50% 50%;\" class=\"t2-post-featured-image has-image-ratio-16-9 wp-block-t2-post-featured-image\"><img loading=\"lazy\" decoding=\"async\" width=\"1500\" height=\"1500\" src=\"https:\/\/mentalhelse.no\/content\/uploads\/sites\/336\/2024\/06\/samtalegruppe-2.jpg\" class=\"attachment-post-thumbnail size-post-thumbnail wp-post-image\" alt=\"\" srcset=\"https:\/\/mentalhelse.no\/content\/uploads\/sites\/336\/2024\/06\/samtalegruppe-2.jpg 1500w, https:\/\/mentalhelse.no\/content\/uploads\/sites\/336\/2024\/06\/samtalegruppe-2-300x300.jpg 300w, https:\/\/mentalhelse.no\/content\/uploads\/sites\/336\/2024\/06\/samtalegruppe-2-1024x1024.jpg 1024w, https:\/\/mentalhelse.no\/content\/uploads\/sites\/336\/2024\/06\/samtalegruppe-2-150x150.jpg 150w, https:\/\/mentalhelse.no\/content\/uploads\/sites\/336\/2024\/06\/samtalegruppe-2-768x768.jpg 768w\" sizes=\"auto, (max-width: 1500px) 100vw, 1500px\" style=\"--focal-point: 50% 50%;\" \/><\/figure>\n<\/a>\n\n<div class=\"wp-block-group postinfo alignfull is-layout-flow wp-block-group-is-layout-flow\">\n\t<div class=\"wp-block-mentalhelse-post-category\">\n\t\t\t\t\t<div class=\"post-type\">\n\t\t\t\t\t\t<a href=\"https:\/\/mentalhelse.no\/ullensaker\/aktuelt\/\">Nyheter<\/a>\n\t\t\t\t\t<\/div>\n\t\t\t\t\t\n\t\t\t\t\t<div class=\"post-category\">\n\t\t\t\t\t\t\n\t\t\t\t\t<\/div>\n\t\t\t<\/div>\n\t<a class=\"t2-post-link wp-block-t2-post-link\" href=\"https:\/\/mentalhelse.no\/ullensaker\/aktuelt\/vi-starter-opp-med-mannegruppe-fra-hosten\/\">\n\t<h2 class=\"t2-post-title wp-block-t2-post-title\">Vi starter opp med mannegruppe fra h\u00f8sten<\/h2>\n\t<\/a>\n<\/div>\n\n<\/div>\n\n<div class=\"t2-featured-query-post t2-featured-content is-post-type-news wp-block-t2-featured-query-post t2-featured-content-layout-col-4\"><a class=\"t2-post-link wp-block-t2-post-link\" href=\"https:\/\/mentalhelse.no\/ullensaker\/aktuelt\/fantastisk-oppmote-pa-temakveld-8-mai\/\">\n\t<figure style=\"--t2-focal-point: 50% 50%;\" class=\"t2-post-featured-image has-image-ratio-16-9 wp-block-t2-post-featured-image\"><img loading=\"lazy\" decoding=\"async\" width=\"2048\" height=\"1536\" src=\"https:\/\/mentalhelse.no\/content\/uploads\/sites\/336\/2024\/05\/438162320_10161212457740943_1976305453165111781_n-1.jpg\" class=\"attachment-post-thumbnail size-post-thumbnail wp-post-image\" alt=\"\" srcset=\"https:\/\/mentalhelse.no\/content\/uploads\/sites\/336\/2024\/05\/438162320_10161212457740943_1976305453165111781_n-1.jpg 2048w, https:\/\/mentalhelse.no\/content\/uploads\/sites\/336\/2024\/05\/438162320_10161212457740943_1976305453165111781_n-1-300x225.jpg 300w, https:\/\/mentalhelse.no\/content\/uploads\/sites\/336\/2024\/05\/438162320_10161212457740943_1976305453165111781_n-1-1024x768.jpg 1024w, https:\/\/mentalhelse.no\/content\/uploads\/sites\/336\/2024\/05\/438162320_10161212457740943_1976305453165111781_n-1-768x576.jpg 768w, https:\/\/mentalhelse.no\/content\/uploads\/sites\/336\/2024\/05\/438162320_10161212457740943_1976305453165111781_n-1-1536x1152.jpg 1536w\" sizes=\"auto, (max-width: 2048px) 100vw, 2048px\" style=\"--focal-point: 50% 50%;\" \/><\/figure>\n<\/a>\n\n<div class=\"wp-block-group postinfo alignfull is-layout-flow wp-block-group-is-layout-flow\">\n\t<div class=\"wp-block-mentalhelse-post-category\">\n\t\t\t\t\t<div class=\"post-type\">\n\t\t\t\t\t\t<a href=\"https:\/\/mentalhelse.no\/ullensaker\/aktuelt\/\">Nyheter<\/a>\n\t\t\t\t\t<\/div>\n\t\t\t\t\t\n\t\t\t\t\t<div class=\"post-category\">\n\t\t\t\t\t\t\n\t\t\t\t\t<\/div>\n\t\t\t<\/div>\n\t<a class=\"t2-post-link wp-block-t2-post-link\" href=\"https:\/\/mentalhelse.no\/ullensaker\/aktuelt\/fantastisk-oppmote-pa-temakveld-8-mai\/\">\n\t<h2 class=\"t2-post-title wp-block-t2-post-title\">Fantastisk oppm\u00f8te p\u00e5  Temakveld 8.mai<\/h2>\n\t<\/a>\n<\/div>\n\n<\/div>\n<\/div>\n\n\t\t\t<\/div>\n\t\t<\/div>","protected":false},"excerpt":{"rendered":"<p>Hvilken kveld! Foredraget med Einar Madsen om hvorfor Mental Helse, var b\u00e5de r\u00f8rende og tankevekkende. Einars \u00e5penhet og innsikt var til stor inspirasjon for oss&#8230;<\/p>\n","protected":false},"author":130,"featured_media":1400,"parent":0,"template":"","meta":{"t2_featured_media_focal_point":{"x":0.5,"y":0.5},"mh_hide_title":true},"news_category":[],"class_list":["post-1402","news","type-news","status-publish","has-post-thumbnail","hentry"],"yoast_head":"<!-- This site is optimized with the Yoast SEO Premium plugin v21.2 (Yoast SEO v21.2) - https:\/\/yoast.com\/wordpress\/plugins\/seo\/ -->\n<title>Foredrag hos Mental Helse Mental Helse - Ullensaker - Mental Helse - Ullensaker<\/title>\n<meta name=\"robots\" content=\"index, follow, max-snippet:-1, max-image-preview:large, max-video-preview:-1\" \/>\n<link rel=\"canonical\" href=\"http:\/\/mentalhelse.no\/ullensaker\/aktuelt\/foredrag-hos-mental-helse-ullensaker\/\" \/>\n<meta property=\"og:locale\" content=\"nb_NO\" \/>\n<meta property=\"og:type\" content=\"article\" \/>\n<meta property=\"og:title\" content=\"Foredrag hos Mental Helse Ullensaker\" \/>\n<meta property=\"og:description\" content=\"Hvilken kveld! Foredraget med Einar Madsen om hvorfor Mental Helse, var b\u00e5de r\u00f8rende og tankevekkende. Einars \u00e5penhet og innsikt var til stor inspirasjon for oss...\" \/>\n<meta property=\"og:url\" content=\"http:\/\/mentalhelse.no\/ullensaker\/aktuelt\/foredrag-hos-mental-helse-ullensaker\/\" \/>\n<meta property=\"og:site_name\" content=\"Ullensaker\" \/>\n<meta property=\"article:modified_time\" content=\"2024-10-28T19:03:27+00:00\" \/>\n<meta property=\"og:image\" content=\"https:\/\/mentalhelse.no\/content\/uploads\/sites\/336\/2024\/10\/Bildeforedrag.jpg\" \/>\n\t<meta property=\"og:image:width\" content=\"1152\" \/>\n\t<meta property=\"og:image:height\" content=\"1016\" \/>\n\t<meta property=\"og:image:type\" content=\"image\/jpeg\" \/>\n<meta name=\"twitter:card\" content=\"summary_large_image\" \/>\n<meta name=\"twitter:label1\" content=\"Ansl. lesetid\" \/>\n\t<meta name=\"twitter:data1\" content=\"1 minutt\" \/>\n<script type=\"application\/ld+json\" class=\"yoast-schema-graph\">{\"@context\":\"https:\/\/schema.org\",\"@graph\":[{\"@type\":\"WebPage\",\"@id\":\"http:\/\/mentalhelse.no\/ullensaker\/aktuelt\/foredrag-hos-mental-helse-ullensaker\/\",\"url\":\"http:\/\/mentalhelse.no\/ullensaker\/aktuelt\/foredrag-hos-mental-helse-ullensaker\/\",\"name\":\"Foredrag hos Mental Helse Ullensaker - Ullensaker\",\"isPartOf\":{\"@id\":\"https:\/\/mentalhelse.no\/ullensaker\/#website\"},\"datePublished\":\"2024-10-28T19:03:26+00:00\",\"dateModified\":\"2024-10-28T19:03:27+00:00\",\"breadcrumb\":{\"@id\":\"http:\/\/mentalhelse.no\/ullensaker\/aktuelt\/foredrag-hos-mental-helse-ullensaker\/#breadcrumb\"},\"inLanguage\":\"nb-NO\",\"potentialAction\":[{\"@type\":\"ReadAction\",\"target\":[\"http:\/\/mentalhelse.no\/ullensaker\/aktuelt\/foredrag-hos-mental-helse-ullensaker\/\"]}]},{\"@type\":\"BreadcrumbList\",\"@id\":\"http:\/\/mentalhelse.no\/ullensaker\/aktuelt\/foredrag-hos-mental-helse-ullensaker\/#breadcrumb\",\"itemListElement\":[{\"@type\":\"ListItem\",\"position\":1,\"name\":\"Hjem\",\"item\":\"https:\/\/mentalhelse.no\/ullensaker\/\"},{\"@type\":\"ListItem\",\"position\":2,\"name\":\"Nyheter\",\"item\":\"https:\/\/mentalhelse.no\/ullensaker\/aktuelt\/\"},{\"@type\":\"ListItem\",\"position\":3,\"name\":\"Foredrag hos Mental Helse Ullensaker\"}]},{\"@type\":\"WebSite\",\"@id\":\"https:\/\/mentalhelse.no\/ullensaker\/#website\",\"url\":\"https:\/\/mentalhelse.no\/ullensaker\/\",\"name\":\"Ullensaker\",\"description\":\"\",\"potentialAction\":[{\"@type\":\"SearchAction\",\"target\":{\"@type\":\"EntryPoint\",\"urlTemplate\":\"https:\/\/mentalhelse.no\/ullensaker\/?s={search_term_string}\"},\"query-input\":\"required name=search_term_string\"}],\"inLanguage\":\"nb-NO\"}]}<\/script>\n<!-- \/ Yoast SEO Premium plugin. -->","yoast_head_json":{"title":"Foredrag hos Mental Helse Mental Helse - Ullensaker - Mental Helse - Ullensaker","robots":{"index":"index","follow":"follow","max-snippet":"max-snippet:-1","max-image-preview":"max-image-preview:large","max-video-preview":"max-video-preview:-1"},"canonical":"http:\/\/mentalhelse.no\/ullensaker\/aktuelt\/foredrag-hos-mental-helse-ullensaker\/","og_locale":"nb_NO","og_type":"article","og_title":"Foredrag hos Mental Helse Ullensaker","og_description":"Hvilken kveld! Foredraget med Einar Madsen om hvorfor Mental Helse, var b\u00e5de r\u00f8rende og tankevekkende. Einars \u00e5penhet og innsikt var til stor inspirasjon for oss...","og_url":"http:\/\/mentalhelse.no\/ullensaker\/aktuelt\/foredrag-hos-mental-helse-ullensaker\/","og_site_name":"Ullensaker","article_modified_time":"2024-10-28T19:03:27+00:00","og_image":[{"width":1152,"height":1016,"url":"https:\/\/mentalhelse.no\/content\/uploads\/sites\/336\/2024\/10\/Bildeforedrag.jpg","type":"image\/jpeg"}],"twitter_card":"summary_large_image","twitter_misc":{"Ansl. lesetid":"1 minutt"},"schema":{"@context":"https:\/\/schema.org","@graph":[{"@type":"WebPage","@id":"http:\/\/mentalhelse.no\/ullensaker\/aktuelt\/foredrag-hos-mental-helse-ullensaker\/","url":"http:\/\/mentalhelse.no\/ullensaker\/aktuelt\/foredrag-hos-mental-helse-ullensaker\/","name":"Foredrag hos Mental Helse Ullensaker - Ullensaker","isPartOf":{"@id":"https:\/\/mentalhelse.no\/ullensaker\/#website"},"datePublished":"2024-10-28T19:03:26+00:00","dateModified":"2024-10-28T19:03:27+00:00","breadcrumb":{"@id":"http:\/\/mentalhelse.no\/ullensaker\/aktuelt\/foredrag-hos-mental-helse-ullensaker\/#breadcrumb"},"inLanguage":"nb-NO","potentialAction":[{"@type":"ReadAction","target":["http:\/\/mentalhelse.no\/ullensaker\/aktuelt\/foredrag-hos-mental-helse-ullensaker\/"]}]},{"@type":"BreadcrumbList","@id":"http:\/\/mentalhelse.no\/ullensaker\/aktuelt\/foredrag-hos-mental-helse-ullensaker\/#breadcrumb","itemListElement":[{"@type":"ListItem","position":1,"name":"Hjem","item":"https:\/\/mentalhelse.no\/ullensaker\/"},{"@type":"ListItem","position":2,"name":"Nyheter","item":"https:\/\/mentalhelse.no\/ullensaker\/aktuelt\/"},{"@type":"ListItem","position":3,"name":"Foredrag hos Mental Helse Ullensaker"}]},{"@type":"WebSite","@id":"https:\/\/mentalhelse.no\/ullensaker\/#website","url":"https:\/\/mentalhelse.no\/ullensaker\/","name":"Ullensaker","description":"","potentialAction":[{"@type":"SearchAction","target":{"@type":"EntryPoint","urlTemplate":"https:\/\/mentalhelse.no\/ullensaker\/?s={search_term_string}"},"query-input":"required name=search_term_string"}],"inLanguage":"nb-NO"}]}},"_links":{"self":[{"href":"https:\/\/mentalhelse.no\/ullensaker\/wp-json\/wp\/v2\/news\/1402","targetHints":{"allow":["GET"]}}],"collection":[{"href":"https:\/\/mentalhelse.no\/ullensaker\/wp-json\/wp\/v2\/news"}],"about":[{"href":"https:\/\/mentalhelse.no\/ullensaker\/wp-json\/wp\/v2\/types\/news"}],"author":[{"embeddable":true,"href":"https:\/\/mentalhelse.no\/ullensaker\/wp-json\/wp\/v2\/users\/130"}],"wp:featuredmedia":[{"embeddable":true,"href":"https:\/\/mentalhelse.no\/ullensaker\/wp-json\/wp\/v2\/media\/1400"}],"wp:attachment":[{"href":"https:\/\/mentalhelse.no\/ullensaker\/wp-json\/wp\/v2\/media?parent=1402"}],"wp:term":[{"taxonomy":"news_category","embeddable":true,"href":"https:\/\/mentalhelse.no\/ullensaker\/wp-json\/wp\/v2\/news_category?post=1402"}],"curies":[{"name":"wp","href":"https:\/\/api.w.org\/{rel}","templated":true}]}}