{"id":1374,"date":"2026-03-11T08:54:16","date_gmt":"2026-03-11T08:54:16","guid":{"rendered":"https:\/\/mentalhelse.no\/verdal\/?post_type=news&#038;p=1374"},"modified":"2026-03-11T08:54:17","modified_gmt":"2026-03-11T08:54:17","slug":"besok-av-ffo-verdal-2","status":"publish","type":"news","link":"https:\/\/mentalhelse.no\/verdal\/aktuelt\/besok-av-ffo-verdal-2\/","title":{"rendered":"Bes\u00f8k av FFO Verdal"},"content":{"rendered":"<figure class=\"alignwide wp-block-post-featured-image\"><img loading=\"lazy\" decoding=\"async\" width=\"270\" height=\"148\" src=\"https:\/\/mentalhelse.no\/content\/uploads\/sites\/316\/2026\/01\/FFO-logo.png\" class=\"attachment-post-thumbnail size-post-thumbnail wp-post-image\" alt=\"\" style=\"object-fit:cover; --focal-point: 50% 50%;\" \/><\/figure>\n\n<h1 class=\"wp-block-post-title\">Bes\u00f8k av FFO Verdal<\/h1>\n\n<div class=\"is-img-top mh-byline wp-block-mh-byline\">\n                  <div class=\"mh-byline__inner\">\n                  \t\n                  \t<div class=\"mh-byline__meta\">\n                  \t\t<div class=\"mh-byline__post\">\n                  \t\t\t<div class=\"entry-date\">11.03.2026<\/div>\n                  \t\t<\/div>\n                  \t\t<div class=\"mh-byline__author\">\n                  \t\t\t <span class=\"mh-byline__author-link\">lagverdal<\/span>\n\t\t\t\t\t\t<\/div>\n\t\t\t\t\t<\/div>\n\t\t\t\t<\/div>\n\t\t<\/div>\n\n\n<p>P\u00e5 denne ukens mandagstreff p\u00e5 Babbel Kafebar var vi s\u00e5 heldige \u00e5 f\u00e5 bes\u00f8k av lederen for FFO Verdal, hennes bes\u00f8k var utrolig innholdsrik.<\/p>\n\n\n\n<p>Vi fikk mulighet til \u00e5 stille mange sp\u00f8rsm\u00e5l og fikk vi fikk svar p\u00e5 alt vi lurte p\u00e5 i tillegg til at vi fikk blant annet snakket om hva vi driver med i lokallaget.<\/p>\n\n\n\n<p>Det ble servert masse forskjellig frukt og kjeks til kaffen, noen runder med kortspill ble det ogs\u00e5 tid til.<\/p>\n\n\n\n<p>Neste mandagstreff p\u00e5 Babbel blir den 23.03.<\/p>\n\n\n\n<p>Velkommen skal du v\u00e6re.<\/p>\n\n\n\n<div class=\"wp-block-columns is-layout-flex wp-container-core-columns-is-layout-1 wp-block-columns-is-layout-flex\">\n<div class=\"wp-block-column is-layout-flow wp-block-column-is-layout-flow\">\n<figure class=\"wp-block-image size-large\"><img loading=\"lazy\" decoding=\"async\" width=\"1024\" height=\"768\" src=\"https:\/\/mentalhelse.no\/content\/uploads\/sites\/316\/2026\/03\/20260309_181150-1024x768.jpg\" alt=\"\" class=\"wp-image-1375\" srcset=\"https:\/\/mentalhelse.no\/content\/uploads\/sites\/316\/2026\/03\/20260309_181150-1024x768.jpg 1024w, https:\/\/mentalhelse.no\/content\/uploads\/sites\/316\/2026\/03\/20260309_181150-300x225.jpg 300w, https:\/\/mentalhelse.no\/content\/uploads\/sites\/316\/2026\/03\/20260309_181150-768x576.jpg 768w, https:\/\/mentalhelse.no\/content\/uploads\/sites\/316\/2026\/03\/20260309_181150-1536x1152.jpg 1536w, https:\/\/mentalhelse.no\/content\/uploads\/sites\/316\/2026\/03\/20260309_181150.jpg 2000w\" sizes=\"auto, (max-width: 1024px) 100vw, 1024px\" \/><\/figure>\n<\/div>\n\n\n\n<div class=\"wp-block-column is-layout-flow wp-block-column-is-layout-flow\">\n<figure class=\"wp-block-image size-large\"><img loading=\"lazy\" decoding=\"async\" width=\"768\" height=\"1024\" src=\"https:\/\/mentalhelse.no\/content\/uploads\/sites\/316\/2026\/03\/20260309_182648-768x1024.jpg\" alt=\"\" class=\"wp-image-1376\" srcset=\"https:\/\/mentalhelse.no\/content\/uploads\/sites\/316\/2026\/03\/20260309_182648-768x1024.jpg 768w, https:\/\/mentalhelse.no\/content\/uploads\/sites\/316\/2026\/03\/20260309_182648-225x300.jpg 225w, https:\/\/mentalhelse.no\/content\/uploads\/sites\/316\/2026\/03\/20260309_182648-1152x1536.jpg 1152w, https:\/\/mentalhelse.no\/content\/uploads\/sites\/316\/2026\/03\/20260309_182648-rotated.jpg 1500w\" sizes=\"auto, (max-width: 768px) 100vw, 768px\" \/><\/figure>\n<\/div>\n<\/div>\n\n\n\n<div class=\"wp-block-columns is-layout-flex wp-container-core-columns-is-layout-2 wp-block-columns-is-layout-flex\">\n<div class=\"wp-block-column is-layout-flow wp-block-column-is-layout-flow\">\n<figure class=\"wp-block-image size-large\"><img loading=\"lazy\" decoding=\"async\" width=\"1024\" height=\"768\" src=\"https:\/\/mentalhelse.no\/content\/uploads\/sites\/316\/2026\/03\/20260309_175636-1024x768.jpg\" alt=\"\" class=\"wp-image-1377\" srcset=\"https:\/\/mentalhelse.no\/content\/uploads\/sites\/316\/2026\/03\/20260309_175636-1024x768.jpg 1024w, https:\/\/mentalhelse.no\/content\/uploads\/sites\/316\/2026\/03\/20260309_175636-300x225.jpg 300w, https:\/\/mentalhelse.no\/content\/uploads\/sites\/316\/2026\/03\/20260309_175636-768x576.jpg 768w, https:\/\/mentalhelse.no\/content\/uploads\/sites\/316\/2026\/03\/20260309_175636-1536x1152.jpg 1536w, https:\/\/mentalhelse.no\/content\/uploads\/sites\/316\/2026\/03\/20260309_175636.jpg 2000w\" sizes=\"auto, (max-width: 1024px) 100vw, 1024px\" \/><\/figure>\n<\/div>\n\n\n\n<div class=\"wp-block-column is-layout-flow wp-block-column-is-layout-flow\">\n<figure class=\"wp-block-image size-large\"><img loading=\"lazy\" decoding=\"async\" width=\"1024\" height=\"768\" src=\"https:\/\/mentalhelse.no\/content\/uploads\/sites\/316\/2026\/03\/20260309_174052-1024x768.jpg\" alt=\"\" class=\"wp-image-1378\" srcset=\"https:\/\/mentalhelse.no\/content\/uploads\/sites\/316\/2026\/03\/20260309_174052-1024x768.jpg 1024w, https:\/\/mentalhelse.no\/content\/uploads\/sites\/316\/2026\/03\/20260309_174052-300x225.jpg 300w, https:\/\/mentalhelse.no\/content\/uploads\/sites\/316\/2026\/03\/20260309_174052-768x576.jpg 768w, https:\/\/mentalhelse.no\/content\/uploads\/sites\/316\/2026\/03\/20260309_174052-1536x1152.jpg 1536w, https:\/\/mentalhelse.no\/content\/uploads\/sites\/316\/2026\/03\/20260309_174052.jpg 2000w\" sizes=\"auto, (max-width: 1024px) 100vw, 1024px\" \/><\/figure>\n<\/div>\n<\/div>\n\n\n\n<div class=\"wp-block-columns is-layout-flex wp-container-core-columns-is-layout-3 wp-block-columns-is-layout-flex\">\n<div class=\"wp-block-column is-layout-flow wp-block-column-is-layout-flow\">\n<figure class=\"wp-block-image size-large\"><img loading=\"lazy\" decoding=\"async\" width=\"1007\" height=\"1024\" src=\"https:\/\/mentalhelse.no\/content\/uploads\/sites\/316\/2026\/03\/20260309_174059-1007x1024.jpg\" alt=\"\" class=\"wp-image-1379\" srcset=\"https:\/\/mentalhelse.no\/content\/uploads\/sites\/316\/2026\/03\/20260309_174059-1007x1024.jpg 1007w, https:\/\/mentalhelse.no\/content\/uploads\/sites\/316\/2026\/03\/20260309_174059-295x300.jpg 295w, https:\/\/mentalhelse.no\/content\/uploads\/sites\/316\/2026\/03\/20260309_174059-768x781.jpg 768w, https:\/\/mentalhelse.no\/content\/uploads\/sites\/316\/2026\/03\/20260309_174059-1511x1536.jpg 1511w, https:\/\/mentalhelse.no\/content\/uploads\/sites\/316\/2026\/03\/20260309_174059-2015x2048.jpg 2015w\" sizes=\"auto, (max-width: 1007px) 100vw, 1007px\" \/><\/figure>\n<\/div>\n\n\n\n<div class=\"wp-block-column is-layout-flow wp-block-column-is-layout-flow\">\n<figure class=\"wp-block-image size-large\"><img loading=\"lazy\" decoding=\"async\" width=\"1024\" height=\"768\" src=\"https:\/\/mentalhelse.no\/content\/uploads\/sites\/316\/2026\/03\/20260309_174241-1024x768.jpg\" alt=\"\" class=\"wp-image-1380\" srcset=\"https:\/\/mentalhelse.no\/content\/uploads\/sites\/316\/2026\/03\/20260309_174241-1024x768.jpg 1024w, https:\/\/mentalhelse.no\/content\/uploads\/sites\/316\/2026\/03\/20260309_174241-300x225.jpg 300w, https:\/\/mentalhelse.no\/content\/uploads\/sites\/316\/2026\/03\/20260309_174241-768x576.jpg 768w, https:\/\/mentalhelse.no\/content\/uploads\/sites\/316\/2026\/03\/20260309_174241-1536x1152.jpg 1536w, https:\/\/mentalhelse.no\/content\/uploads\/sites\/316\/2026\/03\/20260309_174241.jpg 2000w\" sizes=\"auto, (max-width: 1024px) 100vw, 1024px\" \/><\/figure>\n<\/div>\n<\/div>\n\n\n\n\t\t<div class=\"mh-related-posts alignfull alignfull wp-block-mentalhelse-related-posts gray-mode\">\n\t\t\t<div class=\"mh-related-posts__inner\">\n\t\t\t\t\n\n<h3 class=\"wp-block-heading\" id=\"h-also-read\">Also read<\/h3>\n\n\n<div class=\"t2-featured-content-layout alignwide alignwide wp-block-t2-featured-content-layout\">\n<div class=\"t2-featured-query-post t2-featured-content is-post-type-news wp-block-t2-featured-query-post t2-featured-content-layout-col-4\"><a class=\"t2-post-link wp-block-t2-post-link\" href=\"https:\/\/mentalhelse.no\/verdal\/aktuelt\/tur-til-levanger-bowling\/\">\n\t<figure style=\"--t2-focal-point: 50% 50%;\" class=\"t2-post-featured-image has-image-ratio-16-9 wp-block-t2-post-featured-image\"><img loading=\"lazy\" decoding=\"async\" width=\"300\" height=\"79\" src=\"https:\/\/mentalhelse.no\/content\/uploads\/sites\/316\/2026\/04\/levanger-bowling.png\" class=\"attachment-post-thumbnail size-post-thumbnail wp-post-image\" alt=\"\" style=\"--focal-point: 50% 50%;\" \/><\/figure>\n<\/a>\n\n<div class=\"wp-block-group postinfo alignfull is-layout-flow wp-block-group-is-layout-flow\">\n\t<div class=\"wp-block-mentalhelse-post-category\">\n\t\t\t\t\t<div class=\"post-type\">\n\t\t\t\t\t\t<a href=\"https:\/\/mentalhelse.no\/verdal\/aktuelt\/\">Nyheter<\/a>\n\t\t\t\t\t<\/div>\n\t\t\t\t\t\n\t\t\t\t\t<div class=\"post-category\">\n\t\t\t\t\t\t\n\t\t\t\t\t<\/div>\n\t\t\t<\/div>\n\t<a class=\"t2-post-link wp-block-t2-post-link\" href=\"https:\/\/mentalhelse.no\/verdal\/aktuelt\/tur-til-levanger-bowling\/\">\n\t<h2 class=\"t2-post-title wp-block-t2-post-title\">Tur til Levanger bowling<\/h2>\n\t<\/a>\n<\/div>\n\n<\/div>\n\n<div class=\"t2-featured-query-post t2-featured-content is-post-type-news wp-block-t2-featured-query-post t2-featured-content-layout-col-4\"><a class=\"t2-post-link wp-block-t2-post-link\" href=\"https:\/\/mentalhelse.no\/verdal\/aktuelt\/walk-and-talk\/\">\n\t<figure style=\"--t2-focal-point: 50% 50%;\" class=\"t2-post-featured-image has-image-ratio-16-9 wp-block-t2-post-featured-image\"><img loading=\"lazy\" decoding=\"async\" width=\"267\" height=\"189\" src=\"https:\/\/mentalhelse.no\/content\/uploads\/sites\/316\/2026\/03\/last-ned.png\" class=\"attachment-post-thumbnail size-post-thumbnail wp-post-image\" alt=\"\" style=\"--focal-point: 50% 50%;\" \/><\/figure>\n<\/a>\n\n<div class=\"wp-block-group postinfo alignfull is-layout-flow wp-block-group-is-layout-flow\">\n\t<div class=\"wp-block-mentalhelse-post-category\">\n\t\t\t\t\t<div class=\"post-type\">\n\t\t\t\t\t\t<a href=\"https:\/\/mentalhelse.no\/verdal\/aktuelt\/\">Nyheter<\/a>\n\t\t\t\t\t<\/div>\n\t\t\t\t\t\n\t\t\t\t\t<div class=\"post-category\">\n\t\t\t\t\t\t\n\t\t\t\t\t<\/div>\n\t\t\t<\/div>\n\t<a class=\"t2-post-link wp-block-t2-post-link\" href=\"https:\/\/mentalhelse.no\/verdal\/aktuelt\/walk-and-talk\/\">\n\t<h2 class=\"t2-post-title wp-block-t2-post-title\">Walk and talk<\/h2>\n\t<\/a>\n<\/div>\n\n<\/div>\n\n<div class=\"t2-featured-query-post t2-featured-content is-post-type-news wp-block-t2-featured-query-post t2-featured-content-layout-col-4\"><a class=\"t2-post-link wp-block-t2-post-link\" href=\"https:\/\/mentalhelse.no\/verdal\/aktuelt\/varens-bingokveld\/\">\n\t<figure style=\"--t2-focal-point: 50% 50%;\" class=\"t2-post-featured-image has-image-ratio-16-9 wp-block-t2-post-featured-image\"><img loading=\"lazy\" decoding=\"async\" width=\"145\" height=\"145\" src=\"https:\/\/mentalhelse.no\/content\/uploads\/sites\/316\/2026\/03\/bingo.webp\" class=\"attachment-post-thumbnail size-post-thumbnail wp-post-image\" alt=\"\" style=\"--focal-point: 50% 50%;\" \/><\/figure>\n<\/a>\n\n<div class=\"wp-block-group postinfo alignfull is-layout-flow wp-block-group-is-layout-flow\">\n\t<div class=\"wp-block-mentalhelse-post-category\">\n\t\t\t\t\t<div class=\"post-type\">\n\t\t\t\t\t\t<a href=\"https:\/\/mentalhelse.no\/verdal\/aktuelt\/\">Nyheter<\/a>\n\t\t\t\t\t<\/div>\n\t\t\t\t\t\n\t\t\t\t\t<div class=\"post-category\">\n\t\t\t\t\t\t\n\t\t\t\t\t<\/div>\n\t\t\t<\/div>\n\t<a class=\"t2-post-link wp-block-t2-post-link\" href=\"https:\/\/mentalhelse.no\/verdal\/aktuelt\/varens-bingokveld\/\">\n\t<h2 class=\"t2-post-title wp-block-t2-post-title\">V\u00e5rens bingokveld<\/h2>\n\t<\/a>\n<\/div>\n\n<\/div>\n<\/div>\n\n\t\t\t<\/div>\n\t\t<\/div>","protected":false},"excerpt":{"rendered":"<p>P\u00e5 denne ukens mandagstreff p\u00e5 Babbel Kafebar var vi s\u00e5 heldige \u00e5 f\u00e5 bes\u00f8k av lederen for FFO Verdal, hennes bes\u00f8k var utrolig innholdsrik. Vi&#8230;<\/p>\n","protected":false},"author":121,"featured_media":1280,"parent":0,"template":"","meta":{"t2_featured_media_focal_point":{"x":0.5,"y":0.5},"mh_hide_title":true},"news_category":[],"class_list":["post-1374","news","type-news","status-publish","has-post-thumbnail","hentry"],"yoast_head":"<!-- This site is optimized with the Yoast SEO Premium plugin v21.2 (Yoast SEO v21.2) - https:\/\/yoast.com\/wordpress\/plugins\/seo\/ -->\n<title>Bes\u00f8k av FFO Mental Helse - Verdal - Mental Helse - Verdal<\/title>\n<meta name=\"robots\" content=\"index, follow, max-snippet:-1, max-image-preview:large, max-video-preview:-1\" \/>\n<link rel=\"canonical\" href=\"https:\/\/mentalhelse.no\/verdal\/aktuelt\/besok-av-ffo-verdal-2\/\" \/>\n<meta property=\"og:locale\" content=\"nb_NO\" \/>\n<meta property=\"og:type\" content=\"article\" \/>\n<meta property=\"og:title\" content=\"Bes\u00f8k av FFO Verdal\" \/>\n<meta property=\"og:description\" content=\"P\u00e5 denne ukens mandagstreff p\u00e5 Babbel Kafebar var vi s\u00e5 heldige \u00e5 f\u00e5 bes\u00f8k av lederen for FFO Verdal, hennes bes\u00f8k var utrolig innholdsrik. Vi...\" \/>\n<meta property=\"og:url\" content=\"https:\/\/mentalhelse.no\/verdal\/aktuelt\/besok-av-ffo-verdal-2\/\" \/>\n<meta property=\"og:site_name\" content=\"Verdal\" \/>\n<meta property=\"article:modified_time\" content=\"2026-03-11T08:54:17+00:00\" \/>\n<meta property=\"og:image\" content=\"https:\/\/mentalhelse.no\/content\/uploads\/sites\/316\/2026\/01\/FFO-logo.png\" \/>\n\t<meta property=\"og:image:width\" content=\"270\" \/>\n\t<meta property=\"og:image:height\" content=\"148\" \/>\n\t<meta property=\"og:image:type\" content=\"image\/png\" \/>\n<meta name=\"twitter:card\" content=\"summary_large_image\" \/>\n<meta name=\"twitter:label1\" content=\"Ansl. lesetid\" \/>\n\t<meta name=\"twitter:data1\" content=\"2 minutter\" \/>\n<script type=\"application\/ld+json\" class=\"yoast-schema-graph\">{\"@context\":\"https:\/\/schema.org\",\"@graph\":[{\"@type\":\"WebPage\",\"@id\":\"https:\/\/mentalhelse.no\/verdal\/aktuelt\/besok-av-ffo-verdal-2\/\",\"url\":\"https:\/\/mentalhelse.no\/verdal\/aktuelt\/besok-av-ffo-verdal-2\/\",\"name\":\"Bes\u00f8k av FFO Verdal - Verdal\",\"isPartOf\":{\"@id\":\"https:\/\/mentalhelse.no\/verdal\/#website\"},\"datePublished\":\"2026-03-11T08:54:16+00:00\",\"dateModified\":\"2026-03-11T08:54:17+00:00\",\"breadcrumb\":{\"@id\":\"https:\/\/mentalhelse.no\/verdal\/aktuelt\/besok-av-ffo-verdal-2\/#breadcrumb\"},\"inLanguage\":\"nb-NO\",\"potentialAction\":[{\"@type\":\"ReadAction\",\"target\":[\"https:\/\/mentalhelse.no\/verdal\/aktuelt\/besok-av-ffo-verdal-2\/\"]}]},{\"@type\":\"BreadcrumbList\",\"@id\":\"https:\/\/mentalhelse.no\/verdal\/aktuelt\/besok-av-ffo-verdal-2\/#breadcrumb\",\"itemListElement\":[{\"@type\":\"ListItem\",\"position\":1,\"name\":\"Hjem\",\"item\":\"https:\/\/mentalhelse.no\/verdal\/\"},{\"@type\":\"ListItem\",\"position\":2,\"name\":\"Nyheter\",\"item\":\"https:\/\/mentalhelse.no\/verdal\/aktuelt\/\"},{\"@type\":\"ListItem\",\"position\":3,\"name\":\"Bes\u00f8k av FFO Verdal\"}]},{\"@type\":\"WebSite\",\"@id\":\"https:\/\/mentalhelse.no\/verdal\/#website\",\"url\":\"https:\/\/mentalhelse.no\/verdal\/\",\"name\":\"Verdal\",\"description\":\"\",\"potentialAction\":[{\"@type\":\"SearchAction\",\"target\":{\"@type\":\"EntryPoint\",\"urlTemplate\":\"https:\/\/mentalhelse.no\/verdal\/?s={search_term_string}\"},\"query-input\":\"required name=search_term_string\"}],\"inLanguage\":\"nb-NO\"}]}<\/script>\n<!-- \/ Yoast SEO Premium plugin. -->","yoast_head_json":{"title":"Bes\u00f8k av FFO Mental Helse - Verdal - Mental Helse - Verdal","robots":{"index":"index","follow":"follow","max-snippet":"max-snippet:-1","max-image-preview":"max-image-preview:large","max-video-preview":"max-video-preview:-1"},"canonical":"https:\/\/mentalhelse.no\/verdal\/aktuelt\/besok-av-ffo-verdal-2\/","og_locale":"nb_NO","og_type":"article","og_title":"Bes\u00f8k av FFO Verdal","og_description":"P\u00e5 denne ukens mandagstreff p\u00e5 Babbel Kafebar var vi s\u00e5 heldige \u00e5 f\u00e5 bes\u00f8k av lederen for FFO Verdal, hennes bes\u00f8k var utrolig innholdsrik. Vi...","og_url":"https:\/\/mentalhelse.no\/verdal\/aktuelt\/besok-av-ffo-verdal-2\/","og_site_name":"Verdal","article_modified_time":"2026-03-11T08:54:17+00:00","og_image":[{"width":270,"height":148,"url":"https:\/\/mentalhelse.no\/content\/uploads\/sites\/316\/2026\/01\/FFO-logo.png","type":"image\/png"}],"twitter_card":"summary_large_image","twitter_misc":{"Ansl. lesetid":"2 minutter"},"schema":{"@context":"https:\/\/schema.org","@graph":[{"@type":"WebPage","@id":"https:\/\/mentalhelse.no\/verdal\/aktuelt\/besok-av-ffo-verdal-2\/","url":"https:\/\/mentalhelse.no\/verdal\/aktuelt\/besok-av-ffo-verdal-2\/","name":"Bes\u00f8k av FFO Verdal - Verdal","isPartOf":{"@id":"https:\/\/mentalhelse.no\/verdal\/#website"},"datePublished":"2026-03-11T08:54:16+00:00","dateModified":"2026-03-11T08:54:17+00:00","breadcrumb":{"@id":"https:\/\/mentalhelse.no\/verdal\/aktuelt\/besok-av-ffo-verdal-2\/#breadcrumb"},"inLanguage":"nb-NO","potentialAction":[{"@type":"ReadAction","target":["https:\/\/mentalhelse.no\/verdal\/aktuelt\/besok-av-ffo-verdal-2\/"]}]},{"@type":"BreadcrumbList","@id":"https:\/\/mentalhelse.no\/verdal\/aktuelt\/besok-av-ffo-verdal-2\/#breadcrumb","itemListElement":[{"@type":"ListItem","position":1,"name":"Hjem","item":"https:\/\/mentalhelse.no\/verdal\/"},{"@type":"ListItem","position":2,"name":"Nyheter","item":"https:\/\/mentalhelse.no\/verdal\/aktuelt\/"},{"@type":"ListItem","position":3,"name":"Bes\u00f8k av FFO Verdal"}]},{"@type":"WebSite","@id":"https:\/\/mentalhelse.no\/verdal\/#website","url":"https:\/\/mentalhelse.no\/verdal\/","name":"Verdal","description":"","potentialAction":[{"@type":"SearchAction","target":{"@type":"EntryPoint","urlTemplate":"https:\/\/mentalhelse.no\/verdal\/?s={search_term_string}"},"query-input":"required name=search_term_string"}],"inLanguage":"nb-NO"}]}},"_links":{"self":[{"href":"https:\/\/mentalhelse.no\/verdal\/wp-json\/wp\/v2\/news\/1374","targetHints":{"allow":["GET"]}}],"collection":[{"href":"https:\/\/mentalhelse.no\/verdal\/wp-json\/wp\/v2\/news"}],"about":[{"href":"https:\/\/mentalhelse.no\/verdal\/wp-json\/wp\/v2\/types\/news"}],"author":[{"embeddable":true,"href":"https:\/\/mentalhelse.no\/verdal\/wp-json\/wp\/v2\/users\/121"}],"wp:featuredmedia":[{"embeddable":true,"href":"https:\/\/mentalhelse.no\/verdal\/wp-json\/wp\/v2\/media\/1280"}],"wp:attachment":[{"href":"https:\/\/mentalhelse.no\/verdal\/wp-json\/wp\/v2\/media?parent=1374"}],"wp:term":[{"taxonomy":"news_category","embeddable":true,"href":"https:\/\/mentalhelse.no\/verdal\/wp-json\/wp\/v2\/news_category?post=1374"}],"curies":[{"name":"wp","href":"https:\/\/api.w.org\/{rel}","templated":true}]}}