{"id":1470,"date":"2026-04-28T18:03:23","date_gmt":"2026-04-28T18:03:23","guid":{"rendered":"https:\/\/mentalhelse.no\/verdal\/?post_type=news&#038;p=1470"},"modified":"2026-04-28T18:03:24","modified_gmt":"2026-04-28T18:03:24","slug":"walk-and-talk","status":"publish","type":"news","link":"https:\/\/mentalhelse.no\/verdal\/aktuelt\/walk-and-talk\/","title":{"rendered":"Walk and talk"},"content":{"rendered":"<figure class=\"alignwide wp-block-post-featured-image\"><img loading=\"lazy\" decoding=\"async\" width=\"267\" height=\"189\" src=\"https:\/\/mentalhelse.no\/content\/uploads\/sites\/316\/2026\/03\/last-ned.png\" class=\"attachment-post-thumbnail size-post-thumbnail wp-post-image\" alt=\"\" style=\"object-fit:cover; --focal-point: 50% 50%;\" \/><\/figure>\n\n<h1 class=\"wp-block-post-title\">Walk and talk<\/h1>\n\n<div class=\"is-img-top mh-byline wp-block-mh-byline\">\n                  <div class=\"mh-byline__inner\">\n                  \t\n                  \t<div class=\"mh-byline__meta\">\n                  \t\t<div class=\"mh-byline__post\">\n                  \t\t\t<div class=\"entry-date\">28.04.2026<\/div>\n                  \t\t<\/div>\n                  \t\t<div class=\"mh-byline__author\">\n                  \t\t\t <span class=\"mh-byline__author-link\">lagverdal<\/span>\n\t\t\t\t\t\t<\/div>\n\t\t\t\t\t<\/div>\n\t\t\t\t<\/div>\n\t\t<\/div>\n\n\n<p>P\u00e5 v\u00e5r aller f\u00f8rste s\u00f8ndag med walk and talk etter at vi fornyet oss med dag og tid trosset 6 stykker det ustabile v\u00e6ret vi hadde i helgen s\u00e5 klarte vi \u00e5 unng\u00e5 sn\u00f8v\u00e6ret i stunden vi var ute, en litt kald men hyggelig stund ble det, \u00e5 ekstra hyggelig at noen hadde med kvikk lunsj til hver enkelt som deltok \ud83d\ude42<\/p>\n\n\n\n<p>Vi g\u00e5r fra Yx Verdal ogs\u00e5 neste s\u00f8ndag den 03.05 klokken 13.00.<\/p>\n\n\n\n<p>\u00d8nsker du at dette skal bli en av v\u00e5re faste aktivteter s\u00e5 m\u00f8ter du opp \u00e5 deltar \u00e5 ta gjerne med en venn i samme slengen =)<\/p>\n\n\n\n<p>Minner om at disse turene er kostnadsfri og \u00e5pent for alle. (ta gjerne kontakt p\u00e5 forh\u00e5nd p\u00e5 91600825 hvis det gj\u00f8r det lettere for deg \u00e5 bli med p\u00e5 v\u00e5re aktiviteter fremover \ud83d\ude42<\/p>\n\n\n\n<p><\/p>\n\n\n\n<p>H\u00e5per vi ser akkurat deg:-)<\/p>\n\n\n\n<figure class=\"wp-block-image size-large\"><img loading=\"lazy\" decoding=\"async\" width=\"1024\" height=\"1007\" src=\"https:\/\/mentalhelse.no\/content\/uploads\/sites\/316\/2026\/04\/IMG-20260426-WA0002-1024x1007.jpg\" alt=\"\" class=\"wp-image-1471\" srcset=\"https:\/\/mentalhelse.no\/content\/uploads\/sites\/316\/2026\/04\/IMG-20260426-WA0002-1024x1007.jpg 1024w, https:\/\/mentalhelse.no\/content\/uploads\/sites\/316\/2026\/04\/IMG-20260426-WA0002-300x295.jpg 300w, https:\/\/mentalhelse.no\/content\/uploads\/sites\/316\/2026\/04\/IMG-20260426-WA0002-768x755.jpg 768w, https:\/\/mentalhelse.no\/content\/uploads\/sites\/316\/2026\/04\/IMG-20260426-WA0002.jpg 1500w\" sizes=\"auto, (max-width: 1024px) 100vw, 1024px\" \/><\/figure>\n\n\n\n<figure class=\"wp-block-image size-large\"><img loading=\"lazy\" decoding=\"async\" width=\"768\" height=\"1024\" src=\"https:\/\/mentalhelse.no\/content\/uploads\/sites\/316\/2026\/04\/20260426_131119-768x1024.jpg\" alt=\"\" class=\"wp-image-1472\" srcset=\"https:\/\/mentalhelse.no\/content\/uploads\/sites\/316\/2026\/04\/20260426_131119-768x1024.jpg 768w, https:\/\/mentalhelse.no\/content\/uploads\/sites\/316\/2026\/04\/20260426_131119-225x300.jpg 225w, https:\/\/mentalhelse.no\/content\/uploads\/sites\/316\/2026\/04\/20260426_131119-1152x1536.jpg 1152w, https:\/\/mentalhelse.no\/content\/uploads\/sites\/316\/2026\/04\/20260426_131119-rotated.jpg 1500w\" sizes=\"auto, (max-width: 768px) 100vw, 768px\" \/><\/figure>\n\n\n\n\t\t<div class=\"mh-related-posts alignfull alignfull wp-block-mentalhelse-related-posts gray-mode\">\n\t\t\t<div class=\"mh-related-posts__inner\">\n\t\t\t\t\n\n<h3 class=\"wp-block-heading\" id=\"h-also-read\">Also read<\/h3>\n\n\n<div class=\"t2-featured-content-layout alignwide alignwide wp-block-t2-featured-content-layout\">\n<div class=\"t2-featured-query-post t2-featured-content is-post-type-news wp-block-t2-featured-query-post t2-featured-content-layout-col-4\"><a class=\"t2-post-link wp-block-t2-post-link\" href=\"https:\/\/mentalhelse.no\/verdal\/aktuelt\/tur-til-levanger-bowling\/\">\n\t<figure style=\"--t2-focal-point: 50% 50%;\" class=\"t2-post-featured-image has-image-ratio-16-9 wp-block-t2-post-featured-image\"><img loading=\"lazy\" decoding=\"async\" width=\"300\" height=\"79\" src=\"https:\/\/mentalhelse.no\/content\/uploads\/sites\/316\/2026\/04\/levanger-bowling.png\" class=\"attachment-post-thumbnail size-post-thumbnail wp-post-image\" alt=\"\" style=\"--focal-point: 50% 50%;\" \/><\/figure>\n<\/a>\n\n<div class=\"wp-block-group postinfo alignfull is-layout-flow wp-block-group-is-layout-flow\">\n\t<div class=\"wp-block-mentalhelse-post-category\">\n\t\t\t\t\t<div class=\"post-type\">\n\t\t\t\t\t\t<a href=\"https:\/\/mentalhelse.no\/verdal\/aktuelt\/\">Nyheter<\/a>\n\t\t\t\t\t<\/div>\n\t\t\t\t\t\n\t\t\t\t\t<div class=\"post-category\">\n\t\t\t\t\t\t\n\t\t\t\t\t<\/div>\n\t\t\t<\/div>\n\t<a class=\"t2-post-link wp-block-t2-post-link\" href=\"https:\/\/mentalhelse.no\/verdal\/aktuelt\/tur-til-levanger-bowling\/\">\n\t<h2 class=\"t2-post-title wp-block-t2-post-title\">Tur til Levanger bowling<\/h2>\n\t<\/a>\n<\/div>\n\n<\/div>\n\n<div class=\"t2-featured-query-post t2-featured-content is-post-type-news wp-block-t2-featured-query-post t2-featured-content-layout-col-4\"><a class=\"t2-post-link wp-block-t2-post-link\" href=\"https:\/\/mentalhelse.no\/verdal\/aktuelt\/varens-bingokveld\/\">\n\t<figure style=\"--t2-focal-point: 50% 50%;\" class=\"t2-post-featured-image has-image-ratio-16-9 wp-block-t2-post-featured-image\"><img loading=\"lazy\" decoding=\"async\" width=\"145\" height=\"145\" src=\"https:\/\/mentalhelse.no\/content\/uploads\/sites\/316\/2026\/03\/bingo.webp\" class=\"attachment-post-thumbnail size-post-thumbnail wp-post-image\" alt=\"\" style=\"--focal-point: 50% 50%;\" \/><\/figure>\n<\/a>\n\n<div class=\"wp-block-group postinfo alignfull is-layout-flow wp-block-group-is-layout-flow\">\n\t<div class=\"wp-block-mentalhelse-post-category\">\n\t\t\t\t\t<div class=\"post-type\">\n\t\t\t\t\t\t<a href=\"https:\/\/mentalhelse.no\/verdal\/aktuelt\/\">Nyheter<\/a>\n\t\t\t\t\t<\/div>\n\t\t\t\t\t\n\t\t\t\t\t<div class=\"post-category\">\n\t\t\t\t\t\t\n\t\t\t\t\t<\/div>\n\t\t\t<\/div>\n\t<a class=\"t2-post-link wp-block-t2-post-link\" href=\"https:\/\/mentalhelse.no\/verdal\/aktuelt\/varens-bingokveld\/\">\n\t<h2 class=\"t2-post-title wp-block-t2-post-title\">V\u00e5rens bingokveld<\/h2>\n\t<\/a>\n<\/div>\n\n<\/div>\n\n<div class=\"t2-featured-query-post t2-featured-content is-post-type-news wp-block-t2-featured-query-post t2-featured-content-layout-col-4\"><a class=\"t2-post-link wp-block-t2-post-link\" href=\"https:\/\/mentalhelse.no\/verdal\/aktuelt\/bingokveld-13-04\/\">\n\t<figure style=\"--t2-focal-point: 50% 50%;\" class=\"t2-post-featured-image has-image-ratio-16-9 wp-block-t2-post-featured-image\"><img loading=\"lazy\" decoding=\"async\" width=\"145\" height=\"145\" src=\"https:\/\/mentalhelse.no\/content\/uploads\/sites\/316\/2026\/03\/bingo.webp\" class=\"attachment-post-thumbnail size-post-thumbnail wp-post-image\" alt=\"\" style=\"--focal-point: 50% 50%;\" \/><\/figure>\n<\/a>\n\n<div class=\"wp-block-group postinfo alignfull is-layout-flow wp-block-group-is-layout-flow\">\n\t<div class=\"wp-block-mentalhelse-post-category\">\n\t\t\t\t\t<div class=\"post-type\">\n\t\t\t\t\t\t<a href=\"https:\/\/mentalhelse.no\/verdal\/aktuelt\/\">Nyheter<\/a>\n\t\t\t\t\t<\/div>\n\t\t\t\t\t\n\t\t\t\t\t<div class=\"post-category\">\n\t\t\t\t\t\t\n\t\t\t\t\t<\/div>\n\t\t\t<\/div>\n\t<a class=\"t2-post-link wp-block-t2-post-link\" href=\"https:\/\/mentalhelse.no\/verdal\/aktuelt\/bingokveld-13-04\/\">\n\t<h2 class=\"t2-post-title wp-block-t2-post-title\">Bingokveld 13.04.<\/h2>\n\t<\/a>\n<\/div>\n\n<\/div>\n<\/div>\n\n\t\t\t<\/div>\n\t\t<\/div>","protected":false},"excerpt":{"rendered":"<p>P\u00e5 v\u00e5r aller f\u00f8rste s\u00f8ndag med walk and talk etter at vi fornyet oss med dag og tid trosset 6 stykker det ustabile v\u00e6ret vi&#8230;<\/p>\n","protected":false},"author":121,"featured_media":1434,"parent":0,"template":"","meta":{"t2_featured_media_focal_point":{"x":0.5,"y":0.5},"mh_hide_title":true},"news_category":[],"class_list":["post-1470","news","type-news","status-publish","has-post-thumbnail","hentry"],"yoast_head":"<!-- This site is optimized with the Yoast SEO Premium plugin v21.2 (Yoast SEO v21.2) - https:\/\/yoast.com\/wordpress\/plugins\/seo\/ -->\n<title>Walk and talk - Mental Helse - Verdal<\/title>\n<meta name=\"robots\" content=\"index, follow, max-snippet:-1, max-image-preview:large, max-video-preview:-1\" \/>\n<link rel=\"canonical\" href=\"https:\/\/mentalhelse.no\/verdal\/aktuelt\/walk-and-talk\/\" \/>\n<meta property=\"og:locale\" content=\"nb_NO\" \/>\n<meta property=\"og:type\" content=\"article\" \/>\n<meta property=\"og:title\" content=\"Walk and talk\" \/>\n<meta property=\"og:description\" content=\"P\u00e5 v\u00e5r aller f\u00f8rste s\u00f8ndag med walk and talk etter at vi fornyet oss med dag og tid trosset 6 stykker det ustabile v\u00e6ret vi...\" \/>\n<meta property=\"og:url\" content=\"https:\/\/mentalhelse.no\/verdal\/aktuelt\/walk-and-talk\/\" \/>\n<meta property=\"og:site_name\" content=\"Verdal\" \/>\n<meta property=\"article:modified_time\" content=\"2026-04-28T18:03:24+00:00\" \/>\n<meta property=\"og:image\" content=\"https:\/\/mentalhelse.no\/content\/uploads\/sites\/316\/2026\/03\/last-ned.png\" \/>\n\t<meta property=\"og:image:width\" content=\"267\" \/>\n\t<meta property=\"og:image:height\" content=\"189\" \/>\n\t<meta property=\"og:image:type\" content=\"image\/png\" \/>\n<meta name=\"twitter:card\" content=\"summary_large_image\" \/>\n<meta name=\"twitter:label1\" content=\"Ansl. lesetid\" \/>\n\t<meta name=\"twitter:data1\" content=\"2 minutter\" \/>\n<script type=\"application\/ld+json\" class=\"yoast-schema-graph\">{\"@context\":\"https:\/\/schema.org\",\"@graph\":[{\"@type\":\"WebPage\",\"@id\":\"https:\/\/mentalhelse.no\/verdal\/aktuelt\/walk-and-talk\/\",\"url\":\"https:\/\/mentalhelse.no\/verdal\/aktuelt\/walk-and-talk\/\",\"name\":\"Walk and talk - Verdal\",\"isPartOf\":{\"@id\":\"https:\/\/mentalhelse.no\/verdal\/#website\"},\"datePublished\":\"2026-04-28T18:03:23+00:00\",\"dateModified\":\"2026-04-28T18:03:24+00:00\",\"breadcrumb\":{\"@id\":\"https:\/\/mentalhelse.no\/verdal\/aktuelt\/walk-and-talk\/#breadcrumb\"},\"inLanguage\":\"nb-NO\",\"potentialAction\":[{\"@type\":\"ReadAction\",\"target\":[\"https:\/\/mentalhelse.no\/verdal\/aktuelt\/walk-and-talk\/\"]}]},{\"@type\":\"BreadcrumbList\",\"@id\":\"https:\/\/mentalhelse.no\/verdal\/aktuelt\/walk-and-talk\/#breadcrumb\",\"itemListElement\":[{\"@type\":\"ListItem\",\"position\":1,\"name\":\"Hjem\",\"item\":\"https:\/\/mentalhelse.no\/verdal\/\"},{\"@type\":\"ListItem\",\"position\":2,\"name\":\"Nyheter\",\"item\":\"https:\/\/mentalhelse.no\/verdal\/aktuelt\/\"},{\"@type\":\"ListItem\",\"position\":3,\"name\":\"Walk and talk\"}]},{\"@type\":\"WebSite\",\"@id\":\"https:\/\/mentalhelse.no\/verdal\/#website\",\"url\":\"https:\/\/mentalhelse.no\/verdal\/\",\"name\":\"Verdal\",\"description\":\"\",\"potentialAction\":[{\"@type\":\"SearchAction\",\"target\":{\"@type\":\"EntryPoint\",\"urlTemplate\":\"https:\/\/mentalhelse.no\/verdal\/?s={search_term_string}\"},\"query-input\":\"required name=search_term_string\"}],\"inLanguage\":\"nb-NO\"}]}<\/script>\n<!-- \/ Yoast SEO Premium plugin. -->","yoast_head_json":{"title":"Walk and talk - Mental Helse - Verdal","robots":{"index":"index","follow":"follow","max-snippet":"max-snippet:-1","max-image-preview":"max-image-preview:large","max-video-preview":"max-video-preview:-1"},"canonical":"https:\/\/mentalhelse.no\/verdal\/aktuelt\/walk-and-talk\/","og_locale":"nb_NO","og_type":"article","og_title":"Walk and talk","og_description":"P\u00e5 v\u00e5r aller f\u00f8rste s\u00f8ndag med walk and talk etter at vi fornyet oss med dag og tid trosset 6 stykker det ustabile v\u00e6ret vi...","og_url":"https:\/\/mentalhelse.no\/verdal\/aktuelt\/walk-and-talk\/","og_site_name":"Verdal","article_modified_time":"2026-04-28T18:03:24+00:00","og_image":[{"width":267,"height":189,"url":"https:\/\/mentalhelse.no\/content\/uploads\/sites\/316\/2026\/03\/last-ned.png","type":"image\/png"}],"twitter_card":"summary_large_image","twitter_misc":{"Ansl. lesetid":"2 minutter"},"schema":{"@context":"https:\/\/schema.org","@graph":[{"@type":"WebPage","@id":"https:\/\/mentalhelse.no\/verdal\/aktuelt\/walk-and-talk\/","url":"https:\/\/mentalhelse.no\/verdal\/aktuelt\/walk-and-talk\/","name":"Walk and talk - Verdal","isPartOf":{"@id":"https:\/\/mentalhelse.no\/verdal\/#website"},"datePublished":"2026-04-28T18:03:23+00:00","dateModified":"2026-04-28T18:03:24+00:00","breadcrumb":{"@id":"https:\/\/mentalhelse.no\/verdal\/aktuelt\/walk-and-talk\/#breadcrumb"},"inLanguage":"nb-NO","potentialAction":[{"@type":"ReadAction","target":["https:\/\/mentalhelse.no\/verdal\/aktuelt\/walk-and-talk\/"]}]},{"@type":"BreadcrumbList","@id":"https:\/\/mentalhelse.no\/verdal\/aktuelt\/walk-and-talk\/#breadcrumb","itemListElement":[{"@type":"ListItem","position":1,"name":"Hjem","item":"https:\/\/mentalhelse.no\/verdal\/"},{"@type":"ListItem","position":2,"name":"Nyheter","item":"https:\/\/mentalhelse.no\/verdal\/aktuelt\/"},{"@type":"ListItem","position":3,"name":"Walk and talk"}]},{"@type":"WebSite","@id":"https:\/\/mentalhelse.no\/verdal\/#website","url":"https:\/\/mentalhelse.no\/verdal\/","name":"Verdal","description":"","potentialAction":[{"@type":"SearchAction","target":{"@type":"EntryPoint","urlTemplate":"https:\/\/mentalhelse.no\/verdal\/?s={search_term_string}"},"query-input":"required name=search_term_string"}],"inLanguage":"nb-NO"}]}},"_links":{"self":[{"href":"https:\/\/mentalhelse.no\/verdal\/wp-json\/wp\/v2\/news\/1470","targetHints":{"allow":["GET"]}}],"collection":[{"href":"https:\/\/mentalhelse.no\/verdal\/wp-json\/wp\/v2\/news"}],"about":[{"href":"https:\/\/mentalhelse.no\/verdal\/wp-json\/wp\/v2\/types\/news"}],"author":[{"embeddable":true,"href":"https:\/\/mentalhelse.no\/verdal\/wp-json\/wp\/v2\/users\/121"}],"wp:featuredmedia":[{"embeddable":true,"href":"https:\/\/mentalhelse.no\/verdal\/wp-json\/wp\/v2\/media\/1434"}],"wp:attachment":[{"href":"https:\/\/mentalhelse.no\/verdal\/wp-json\/wp\/v2\/media?parent=1470"}],"wp:term":[{"taxonomy":"news_category","embeddable":true,"href":"https:\/\/mentalhelse.no\/verdal\/wp-json\/wp\/v2\/news_category?post=1470"}],"curies":[{"name":"wp","href":"https:\/\/api.w.org\/{rel}","templated":true}]}}