{"id":1473,"date":"2026-04-28T18:12:24","date_gmt":"2026-04-28T18:12:24","guid":{"rendered":"https:\/\/mentalhelse.no\/verdal\/?post_type=news&#038;p=1473"},"modified":"2026-04-28T18:25:34","modified_gmt":"2026-04-28T18:25:34","slug":"tur-til-levanger-bowling","status":"publish","type":"news","link":"https:\/\/mentalhelse.no\/verdal\/aktuelt\/tur-til-levanger-bowling\/","title":{"rendered":"Tur til Levanger bowling"},"content":{"rendered":"<figure class=\"alignwide wp-block-post-featured-image\"><img loading=\"lazy\" decoding=\"async\" width=\"300\" height=\"79\" src=\"https:\/\/mentalhelse.no\/content\/uploads\/sites\/316\/2026\/04\/levanger-bowling.png\" class=\"attachment-post-thumbnail size-post-thumbnail wp-post-image\" alt=\"\" style=\"object-fit:cover; --focal-point: 50% 50%;\" \/><\/figure>\n\n<h1 class=\"wp-block-post-title\">Tur til Levanger bowling<\/h1>\n\n<div class=\"is-img-top mh-byline wp-block-mh-byline\">\n                  <div class=\"mh-byline__inner\">\n                  \t\n                  \t<div class=\"mh-byline__meta\">\n                  \t\t<div class=\"mh-byline__post\">\n                  \t\t\t<div class=\"entry-date\">28.04.2026<\/div>\n                  \t\t<\/div>\n                  \t\t<div class=\"mh-byline__author\">\n                  \t\t\t <span class=\"mh-byline__author-link\">lagverdal<\/span>\n\t\t\t\t\t\t<\/div>\n\t\t\t\t\t<\/div>\n\t\t\t\t<\/div>\n\t\t<\/div>\n\n\n<p>Turen g\u00e5r p\u00e5 nytt til Levanger bowling onsdag den 13.05.26.<\/p>\n\n\n\n<p>Det er bindende p\u00e5melding med et begrenset antall plasser \u00e5 det vil selvf\u00f8lgelig bli satt opp venteliste hvis alle plassene blir tatt.<\/p>\n\n\n\n<p>Vi m\u00f8tes p\u00e5 parkeringsplassen klokken 16.30 \ud83d\ude42<\/p>\n\n\n\n<p>Egenandelen denne gangen er for medlemmer: 50 kr pr person og for ikke-medlemmer: 100 kr pr person.<\/p>\n\n\n\n<p>Dette inkluderer i prisen:<\/p>\n\n\n\n<p>2 runder bowling<\/p>\n\n\n\n<p>Skoleie<\/p>\n\n\n\n<p>1 alkoholfri drikke<\/p>\n\n\n\n<p>Mat i mellom rundene<\/p>\n\n\n\n<p><\/p>\n\n\n\n<p>Denne aktiviteten er bestandig popul\u00e6r s\u00e5 ikke n\u00f8l med \u00e5 melde deg p\u00e5, det gj\u00f8r du ved \u00e5 vippse egenandelen til v\u00e5rt vippsnr #743908, husk \u00e5 merk betalingen med navn(ene) p\u00e5 den\/de som \u00f8nsker \u00e5 v\u00e6re med \ud83d\ude42<\/p>\n\n\n\n<p>P\u00e5meldingsfristen er 09.05 og avlysning innen samme dato for \u00e5 f\u00e5 tilbake egenandelen.<\/p>\n\n\n\n<p><\/p>\n\n\n\n<p>Dette gleder vi oss til og h\u00e5per at du har lyst til \u00e5 v\u00e6re med p\u00e5 en hyggelig stund \ud83d\ude42<\/p>\n\n\n\n<figure class=\"wp-block-image size-full\"><img loading=\"lazy\" decoding=\"async\" width=\"370\" height=\"136\" src=\"https:\/\/mentalhelse.no\/content\/uploads\/sites\/316\/2026\/04\/bowling.jpeg\" alt=\"\" class=\"wp-image-1475\" srcset=\"https:\/\/mentalhelse.no\/content\/uploads\/sites\/316\/2026\/04\/bowling.jpeg 370w, https:\/\/mentalhelse.no\/content\/uploads\/sites\/316\/2026\/04\/bowling-300x110.jpeg 300w\" sizes=\"auto, (max-width: 370px) 100vw, 370px\" \/><\/figure>\n\n\n\n\t\t<div class=\"mh-related-posts alignfull alignfull wp-block-mentalhelse-related-posts gray-mode\">\n\t\t\t<div class=\"mh-related-posts__inner\">\n\t\t\t\t\n\n<h3 class=\"wp-block-heading\" id=\"h-also-read\">Also read<\/h3>\n\n\n<div class=\"t2-featured-content-layout alignwide alignwide wp-block-t2-featured-content-layout\">\n<div class=\"t2-featured-query-post t2-featured-content is-post-type-news wp-block-t2-featured-query-post t2-featured-content-layout-col-4\"><a class=\"t2-post-link wp-block-t2-post-link\" href=\"https:\/\/mentalhelse.no\/verdal\/aktuelt\/walk-and-talk\/\">\n\t<figure style=\"--t2-focal-point: 50% 50%;\" class=\"t2-post-featured-image has-image-ratio-16-9 wp-block-t2-post-featured-image\"><img loading=\"lazy\" decoding=\"async\" width=\"267\" height=\"189\" src=\"https:\/\/mentalhelse.no\/content\/uploads\/sites\/316\/2026\/03\/last-ned.png\" class=\"attachment-post-thumbnail size-post-thumbnail wp-post-image\" alt=\"\" style=\"--focal-point: 50% 50%;\" \/><\/figure>\n<\/a>\n\n<div class=\"wp-block-group postinfo alignfull is-layout-flow wp-block-group-is-layout-flow\">\n\t<div class=\"wp-block-mentalhelse-post-category\">\n\t\t\t\t\t<div class=\"post-type\">\n\t\t\t\t\t\t<a href=\"https:\/\/mentalhelse.no\/verdal\/aktuelt\/\">Nyheter<\/a>\n\t\t\t\t\t<\/div>\n\t\t\t\t\t\n\t\t\t\t\t<div class=\"post-category\">\n\t\t\t\t\t\t\n\t\t\t\t\t<\/div>\n\t\t\t<\/div>\n\t<a class=\"t2-post-link wp-block-t2-post-link\" href=\"https:\/\/mentalhelse.no\/verdal\/aktuelt\/walk-and-talk\/\">\n\t<h2 class=\"t2-post-title wp-block-t2-post-title\">Walk and talk<\/h2>\n\t<\/a>\n<\/div>\n\n<\/div>\n\n<div class=\"t2-featured-query-post t2-featured-content is-post-type-news wp-block-t2-featured-query-post t2-featured-content-layout-col-4\"><a class=\"t2-post-link wp-block-t2-post-link\" href=\"https:\/\/mentalhelse.no\/verdal\/aktuelt\/varens-bingokveld\/\">\n\t<figure style=\"--t2-focal-point: 50% 50%;\" class=\"t2-post-featured-image has-image-ratio-16-9 wp-block-t2-post-featured-image\"><img loading=\"lazy\" decoding=\"async\" width=\"145\" height=\"145\" src=\"https:\/\/mentalhelse.no\/content\/uploads\/sites\/316\/2026\/03\/bingo.webp\" class=\"attachment-post-thumbnail size-post-thumbnail wp-post-image\" alt=\"\" style=\"--focal-point: 50% 50%;\" \/><\/figure>\n<\/a>\n\n<div class=\"wp-block-group postinfo alignfull is-layout-flow wp-block-group-is-layout-flow\">\n\t<div class=\"wp-block-mentalhelse-post-category\">\n\t\t\t\t\t<div class=\"post-type\">\n\t\t\t\t\t\t<a href=\"https:\/\/mentalhelse.no\/verdal\/aktuelt\/\">Nyheter<\/a>\n\t\t\t\t\t<\/div>\n\t\t\t\t\t\n\t\t\t\t\t<div class=\"post-category\">\n\t\t\t\t\t\t\n\t\t\t\t\t<\/div>\n\t\t\t<\/div>\n\t<a class=\"t2-post-link wp-block-t2-post-link\" href=\"https:\/\/mentalhelse.no\/verdal\/aktuelt\/varens-bingokveld\/\">\n\t<h2 class=\"t2-post-title wp-block-t2-post-title\">V\u00e5rens bingokveld<\/h2>\n\t<\/a>\n<\/div>\n\n<\/div>\n\n<div class=\"t2-featured-query-post t2-featured-content is-post-type-news wp-block-t2-featured-query-post t2-featured-content-layout-col-4\"><a class=\"t2-post-link wp-block-t2-post-link\" href=\"https:\/\/mentalhelse.no\/verdal\/aktuelt\/bingokveld-13-04\/\">\n\t<figure style=\"--t2-focal-point: 50% 50%;\" class=\"t2-post-featured-image has-image-ratio-16-9 wp-block-t2-post-featured-image\"><img loading=\"lazy\" decoding=\"async\" width=\"145\" height=\"145\" src=\"https:\/\/mentalhelse.no\/content\/uploads\/sites\/316\/2026\/03\/bingo.webp\" class=\"attachment-post-thumbnail size-post-thumbnail wp-post-image\" alt=\"\" style=\"--focal-point: 50% 50%;\" \/><\/figure>\n<\/a>\n\n<div class=\"wp-block-group postinfo alignfull is-layout-flow wp-block-group-is-layout-flow\">\n\t<div class=\"wp-block-mentalhelse-post-category\">\n\t\t\t\t\t<div class=\"post-type\">\n\t\t\t\t\t\t<a href=\"https:\/\/mentalhelse.no\/verdal\/aktuelt\/\">Nyheter<\/a>\n\t\t\t\t\t<\/div>\n\t\t\t\t\t\n\t\t\t\t\t<div class=\"post-category\">\n\t\t\t\t\t\t\n\t\t\t\t\t<\/div>\n\t\t\t<\/div>\n\t<a class=\"t2-post-link wp-block-t2-post-link\" href=\"https:\/\/mentalhelse.no\/verdal\/aktuelt\/bingokveld-13-04\/\">\n\t<h2 class=\"t2-post-title wp-block-t2-post-title\">Bingokveld 13.04.<\/h2>\n\t<\/a>\n<\/div>\n\n<\/div>\n<\/div>\n\n\t\t\t<\/div>\n\t\t<\/div>","protected":false},"excerpt":{"rendered":"<p>Turen g\u00e5r p\u00e5 nytt til Levanger bowling onsdag den 13.05.26. Det er bindende p\u00e5melding med et begrenset antall plasser \u00e5 det vil selvf\u00f8lgelig bli satt&#8230;<\/p>\n","protected":false},"author":121,"featured_media":1474,"parent":0,"template":"","meta":{"t2_featured_media_focal_point":{"x":0.5,"y":0.5},"mh_hide_title":true},"news_category":[],"class_list":["post-1473","news","type-news","status-publish","has-post-thumbnail","hentry"],"yoast_head":"<!-- This site is optimized with the Yoast SEO Premium plugin v21.2 (Yoast SEO v21.2) - https:\/\/yoast.com\/wordpress\/plugins\/seo\/ -->\n<title>Tur til Levanger bowling - Mental Helse - Verdal<\/title>\n<meta name=\"robots\" content=\"index, follow, max-snippet:-1, max-image-preview:large, max-video-preview:-1\" \/>\n<link rel=\"canonical\" href=\"https:\/\/mentalhelse.no\/verdal\/aktuelt\/tur-til-levanger-bowling\/\" \/>\n<meta property=\"og:locale\" content=\"nb_NO\" \/>\n<meta property=\"og:type\" content=\"article\" \/>\n<meta property=\"og:title\" content=\"Tur til Levanger bowling\" \/>\n<meta property=\"og:description\" content=\"Turen g\u00e5r p\u00e5 nytt til Levanger bowling onsdag den 13.05.26. Det er bindende p\u00e5melding med et begrenset antall plasser \u00e5 det vil selvf\u00f8lgelig bli satt...\" \/>\n<meta property=\"og:url\" content=\"https:\/\/mentalhelse.no\/verdal\/aktuelt\/tur-til-levanger-bowling\/\" \/>\n<meta property=\"og:site_name\" content=\"Verdal\" \/>\n<meta property=\"article:modified_time\" content=\"2026-04-28T18:25:34+00:00\" \/>\n<meta property=\"og:image\" content=\"https:\/\/mentalhelse.no\/content\/uploads\/sites\/316\/2026\/04\/levanger-bowling.png\" \/>\n\t<meta property=\"og:image:width\" content=\"300\" \/>\n\t<meta property=\"og:image:height\" content=\"79\" \/>\n\t<meta property=\"og:image:type\" content=\"image\/png\" \/>\n<meta name=\"twitter:card\" content=\"summary_large_image\" \/>\n<meta name=\"twitter:label1\" content=\"Ansl. lesetid\" \/>\n\t<meta name=\"twitter:data1\" content=\"1 minutt\" \/>\n<script type=\"application\/ld+json\" class=\"yoast-schema-graph\">{\"@context\":\"https:\/\/schema.org\",\"@graph\":[{\"@type\":\"WebPage\",\"@id\":\"https:\/\/mentalhelse.no\/verdal\/aktuelt\/tur-til-levanger-bowling\/\",\"url\":\"https:\/\/mentalhelse.no\/verdal\/aktuelt\/tur-til-levanger-bowling\/\",\"name\":\"Tur til Levanger bowling - Verdal\",\"isPartOf\":{\"@id\":\"https:\/\/mentalhelse.no\/verdal\/#website\"},\"datePublished\":\"2026-04-28T18:12:24+00:00\",\"dateModified\":\"2026-04-28T18:25:34+00:00\",\"breadcrumb\":{\"@id\":\"https:\/\/mentalhelse.no\/verdal\/aktuelt\/tur-til-levanger-bowling\/#breadcrumb\"},\"inLanguage\":\"nb-NO\",\"potentialAction\":[{\"@type\":\"ReadAction\",\"target\":[\"https:\/\/mentalhelse.no\/verdal\/aktuelt\/tur-til-levanger-bowling\/\"]}]},{\"@type\":\"BreadcrumbList\",\"@id\":\"https:\/\/mentalhelse.no\/verdal\/aktuelt\/tur-til-levanger-bowling\/#breadcrumb\",\"itemListElement\":[{\"@type\":\"ListItem\",\"position\":1,\"name\":\"Hjem\",\"item\":\"https:\/\/mentalhelse.no\/verdal\/\"},{\"@type\":\"ListItem\",\"position\":2,\"name\":\"Nyheter\",\"item\":\"https:\/\/mentalhelse.no\/verdal\/aktuelt\/\"},{\"@type\":\"ListItem\",\"position\":3,\"name\":\"Tur til Levanger bowling\"}]},{\"@type\":\"WebSite\",\"@id\":\"https:\/\/mentalhelse.no\/verdal\/#website\",\"url\":\"https:\/\/mentalhelse.no\/verdal\/\",\"name\":\"Verdal\",\"description\":\"\",\"potentialAction\":[{\"@type\":\"SearchAction\",\"target\":{\"@type\":\"EntryPoint\",\"urlTemplate\":\"https:\/\/mentalhelse.no\/verdal\/?s={search_term_string}\"},\"query-input\":\"required name=search_term_string\"}],\"inLanguage\":\"nb-NO\"}]}<\/script>\n<!-- \/ Yoast SEO Premium plugin. -->","yoast_head_json":{"title":"Tur til Levanger bowling - Mental Helse - Verdal","robots":{"index":"index","follow":"follow","max-snippet":"max-snippet:-1","max-image-preview":"max-image-preview:large","max-video-preview":"max-video-preview:-1"},"canonical":"https:\/\/mentalhelse.no\/verdal\/aktuelt\/tur-til-levanger-bowling\/","og_locale":"nb_NO","og_type":"article","og_title":"Tur til Levanger bowling","og_description":"Turen g\u00e5r p\u00e5 nytt til Levanger bowling onsdag den 13.05.26. Det er bindende p\u00e5melding med et begrenset antall plasser \u00e5 det vil selvf\u00f8lgelig bli satt...","og_url":"https:\/\/mentalhelse.no\/verdal\/aktuelt\/tur-til-levanger-bowling\/","og_site_name":"Verdal","article_modified_time":"2026-04-28T18:25:34+00:00","og_image":[{"width":300,"height":79,"url":"https:\/\/mentalhelse.no\/content\/uploads\/sites\/316\/2026\/04\/levanger-bowling.png","type":"image\/png"}],"twitter_card":"summary_large_image","twitter_misc":{"Ansl. lesetid":"1 minutt"},"schema":{"@context":"https:\/\/schema.org","@graph":[{"@type":"WebPage","@id":"https:\/\/mentalhelse.no\/verdal\/aktuelt\/tur-til-levanger-bowling\/","url":"https:\/\/mentalhelse.no\/verdal\/aktuelt\/tur-til-levanger-bowling\/","name":"Tur til Levanger bowling - Verdal","isPartOf":{"@id":"https:\/\/mentalhelse.no\/verdal\/#website"},"datePublished":"2026-04-28T18:12:24+00:00","dateModified":"2026-04-28T18:25:34+00:00","breadcrumb":{"@id":"https:\/\/mentalhelse.no\/verdal\/aktuelt\/tur-til-levanger-bowling\/#breadcrumb"},"inLanguage":"nb-NO","potentialAction":[{"@type":"ReadAction","target":["https:\/\/mentalhelse.no\/verdal\/aktuelt\/tur-til-levanger-bowling\/"]}]},{"@type":"BreadcrumbList","@id":"https:\/\/mentalhelse.no\/verdal\/aktuelt\/tur-til-levanger-bowling\/#breadcrumb","itemListElement":[{"@type":"ListItem","position":1,"name":"Hjem","item":"https:\/\/mentalhelse.no\/verdal\/"},{"@type":"ListItem","position":2,"name":"Nyheter","item":"https:\/\/mentalhelse.no\/verdal\/aktuelt\/"},{"@type":"ListItem","position":3,"name":"Tur til Levanger bowling"}]},{"@type":"WebSite","@id":"https:\/\/mentalhelse.no\/verdal\/#website","url":"https:\/\/mentalhelse.no\/verdal\/","name":"Verdal","description":"","potentialAction":[{"@type":"SearchAction","target":{"@type":"EntryPoint","urlTemplate":"https:\/\/mentalhelse.no\/verdal\/?s={search_term_string}"},"query-input":"required name=search_term_string"}],"inLanguage":"nb-NO"}]}},"_links":{"self":[{"href":"https:\/\/mentalhelse.no\/verdal\/wp-json\/wp\/v2\/news\/1473","targetHints":{"allow":["GET"]}}],"collection":[{"href":"https:\/\/mentalhelse.no\/verdal\/wp-json\/wp\/v2\/news"}],"about":[{"href":"https:\/\/mentalhelse.no\/verdal\/wp-json\/wp\/v2\/types\/news"}],"author":[{"embeddable":true,"href":"https:\/\/mentalhelse.no\/verdal\/wp-json\/wp\/v2\/users\/121"}],"wp:featuredmedia":[{"embeddable":true,"href":"https:\/\/mentalhelse.no\/verdal\/wp-json\/wp\/v2\/media\/1474"}],"wp:attachment":[{"href":"https:\/\/mentalhelse.no\/verdal\/wp-json\/wp\/v2\/media?parent=1473"}],"wp:term":[{"taxonomy":"news_category","embeddable":true,"href":"https:\/\/mentalhelse.no\/verdal\/wp-json\/wp\/v2\/news_category?post=1473"}],"curies":[{"name":"wp","href":"https:\/\/api.w.org\/{rel}","templated":true}]}}