{"id":1485,"date":"2026-05-01T09:55:05","date_gmt":"2026-05-01T09:55:05","guid":{"rendered":"https:\/\/mentalhelse.no\/verdal\/?post_type=news&#038;p=1485"},"modified":"2026-05-01T10:00:00","modified_gmt":"2026-05-01T10:00:00","slug":"introduksjonskurs-i-golf","status":"publish","type":"news","link":"https:\/\/mentalhelse.no\/verdal\/aktuelt\/introduksjonskurs-i-golf\/","title":{"rendered":"Introduksjonskurs i golf"},"content":{"rendered":"<h1 class=\"wp-block-post-title\">Introduksjonskurs i golf<\/h1>\n\n<div class=\"is-img-top mh-byline wp-block-mh-byline\">\n                  <div class=\"mh-byline__inner\">\n                  \t\n                  \t<div class=\"mh-byline__meta\">\n                  \t\t<div class=\"mh-byline__post\">\n                  \t\t\t<div class=\"entry-date\">01.05.2026<\/div>\n                  \t\t<\/div>\n                  \t\t<div class=\"mh-byline__author\">\n                  \t\t\t <span class=\"mh-byline__author-link\">lagverdal<\/span>\n\t\t\t\t\t\t<\/div>\n\t\t\t\t\t<\/div>\n\t\t\t\t<\/div>\n\t\t<\/div>\n\n\n<figure class=\"wp-block-image size-large\"><img loading=\"lazy\" decoding=\"async\" width=\"1024\" height=\"775\" src=\"https:\/\/mentalhelse.no\/content\/uploads\/sites\/316\/2026\/05\/Plakat-til-golf-1024x775.png\" alt=\"\" class=\"wp-image-1488\" srcset=\"https:\/\/mentalhelse.no\/content\/uploads\/sites\/316\/2026\/05\/Plakat-til-golf-1024x775.png 1024w, https:\/\/mentalhelse.no\/content\/uploads\/sites\/316\/2026\/05\/Plakat-til-golf-300x227.png 300w, https:\/\/mentalhelse.no\/content\/uploads\/sites\/316\/2026\/05\/Plakat-til-golf-768x581.png 768w, https:\/\/mentalhelse.no\/content\/uploads\/sites\/316\/2026\/05\/Plakat-til-golf.png 1049w\" sizes=\"auto, (max-width: 1024px) 100vw, 1024px\" \/><\/figure>\n\n\n\n<p>I et eksklusivt samarbeid med Stiklestad Golfklubb inviterer vi til introduksjonskurs i golf den 22.06.26.<\/p>\n\n\n\n<p>Dette kurset er kostnadsfritt for alle v\u00e5re medlemmer \u00e5 man vil f\u00e5 innf\u00f8ring i de ulike m\u00e5tene \u00e5 spille golf p\u00e5 av ansatt(e) i golfklubben \ud83d\ude42<\/p>\n\n\n\n<p>Vi m\u00f8tes p\u00e5 klubbhuset til golfklubben klokken 16.50.<\/p>\n\n\n\n<p>Er du ikke medlem hos oss enda s\u00e5 kan du melde deg inn ved \u00e5 trykke p\u00e5 denne linken: https:\/\/blimedlem.mentalhelse.no (dette koster kun 200 kr i \u00e5ret)<\/p>\n\n\n\n<p>Det er bindende p\u00e5melding med et begrenset antall plasser \u00e5 du melder deg p\u00e5 ved \u00e5 sende en sms til 91600825 (husk \u00e5 skrive fullt navn)<\/p>\n\n\n\n<p>P\u00e5meldingsfrist: 08.06.26 (avlysningsfrist innen samme dato)<\/p>\n\n\n\n<p>Dato: 22.06.26<\/p>\n\n\n\n<p>Sted: Stiklestad golfklubb ( S\u00f8rskagvegen 2, 7655 Verdal)<\/p>\n\n\n\n<p>Tidspunkt: 17.00 til 19.00.<\/p>\n\n\n\n<p>Dette gleder vi oss veldig til \u00e5 h\u00e5per \u00e5 se akkurat deg p\u00e5 denne aktiviteten \ud83d\ude42<\/p>\n\n\n\n<div class=\"wp-block-columns is-layout-flex wp-container-core-columns-is-layout-1 wp-block-columns-is-layout-flex\">\n<div class=\"wp-block-column is-layout-flow wp-block-column-is-layout-flow\">\n<figure class=\"wp-block-image size-large\"><img loading=\"lazy\" decoding=\"async\" width=\"1024\" height=\"529\" src=\"https:\/\/mentalhelse.no\/content\/uploads\/sites\/316\/2026\/05\/Screenshot_20260430_234323_Samsung-Browser-1-1024x529.jpg\" alt=\"\" class=\"wp-image-1489\" srcset=\"https:\/\/mentalhelse.no\/content\/uploads\/sites\/316\/2026\/05\/Screenshot_20260430_234323_Samsung-Browser-1-1024x529.jpg 1024w, https:\/\/mentalhelse.no\/content\/uploads\/sites\/316\/2026\/05\/Screenshot_20260430_234323_Samsung-Browser-1-300x155.jpg 300w, https:\/\/mentalhelse.no\/content\/uploads\/sites\/316\/2026\/05\/Screenshot_20260430_234323_Samsung-Browser-1-768x397.jpg 768w, https:\/\/mentalhelse.no\/content\/uploads\/sites\/316\/2026\/05\/Screenshot_20260430_234323_Samsung-Browser-1.jpg 1080w\" sizes=\"auto, (max-width: 1024px) 100vw, 1024px\" \/><\/figure>\n<\/div>\n\n\n\n<div class=\"wp-block-column is-layout-flow wp-block-column-is-layout-flow\">\n<figure class=\"wp-block-image size-large\"><img loading=\"lazy\" decoding=\"async\" width=\"996\" height=\"1024\" src=\"https:\/\/mentalhelse.no\/content\/uploads\/sites\/316\/2026\/05\/Mental-Helse-Verdal-logo-996x1024.png\" alt=\"\" class=\"wp-image-1490\" srcset=\"https:\/\/mentalhelse.no\/content\/uploads\/sites\/316\/2026\/05\/Mental-Helse-Verdal-logo-996x1024.png 996w, https:\/\/mentalhelse.no\/content\/uploads\/sites\/316\/2026\/05\/Mental-Helse-Verdal-logo-292x300.png 292w, https:\/\/mentalhelse.no\/content\/uploads\/sites\/316\/2026\/05\/Mental-Helse-Verdal-logo-768x790.png 768w, https:\/\/mentalhelse.no\/content\/uploads\/sites\/316\/2026\/05\/Mental-Helse-Verdal-logo.png 1168w\" sizes=\"auto, (max-width: 996px) 100vw, 996px\" \/><\/figure>\n<\/div>\n<\/div>\n\n\n\n\t\t<div class=\"mh-related-posts alignfull alignfull wp-block-mentalhelse-related-posts gray-mode\">\n\t\t\t<div class=\"mh-related-posts__inner\">\n\t\t\t\t\n\n<h3 class=\"wp-block-heading\" id=\"h-also-read\">Also read<\/h3>\n\n\n<div class=\"t2-featured-content-layout alignwide alignwide wp-block-t2-featured-content-layout\">\n<div class=\"t2-featured-query-post t2-featured-content is-post-type-news wp-block-t2-featured-query-post t2-featured-content-layout-col-4\"><a class=\"t2-post-link wp-block-t2-post-link\" href=\"https:\/\/mentalhelse.no\/verdal\/aktuelt\/gamingkveld-pa-biblioteket\/\">\n\t<figure style=\"--t2-focal-point: 50% 50%;\" class=\"t2-post-featured-image has-image-ratio-16-9 wp-block-t2-post-featured-image\"><img loading=\"lazy\" decoding=\"async\" width=\"416\" height=\"590\" src=\"https:\/\/mentalhelse.no\/content\/uploads\/sites\/316\/2026\/05\/Gamingplakat.png\" class=\"attachment-post-thumbnail size-post-thumbnail wp-post-image\" alt=\"\" srcset=\"https:\/\/mentalhelse.no\/content\/uploads\/sites\/316\/2026\/05\/Gamingplakat.png 416w, https:\/\/mentalhelse.no\/content\/uploads\/sites\/316\/2026\/05\/Gamingplakat-212x300.png 212w\" sizes=\"auto, (max-width: 416px) 100vw, 416px\" style=\"--focal-point: 50% 50%;\" \/><\/figure>\n<\/a>\n\n<div class=\"wp-block-group postinfo alignfull is-layout-flow wp-block-group-is-layout-flow\">\n\t<div class=\"wp-block-mentalhelse-post-category\">\n\t\t\t\t\t<div class=\"post-type\">\n\t\t\t\t\t\t<a href=\"https:\/\/mentalhelse.no\/verdal\/aktuelt\/\">Nyheter<\/a>\n\t\t\t\t\t<\/div>\n\t\t\t\t\t\n\t\t\t\t\t<div class=\"post-category\">\n\t\t\t\t\t\t\n\t\t\t\t\t<\/div>\n\t\t\t<\/div>\n\t<a class=\"t2-post-link wp-block-t2-post-link\" href=\"https:\/\/mentalhelse.no\/verdal\/aktuelt\/gamingkveld-pa-biblioteket\/\">\n\t<h2 class=\"t2-post-title wp-block-t2-post-title\">Gamingkveld p\u00e5 biblioteket<\/h2>\n\t<\/a>\n<\/div>\n\n<\/div>\n\n<div class=\"t2-featured-query-post t2-featured-content is-post-type-news wp-block-t2-featured-query-post t2-featured-content-layout-col-4\"><a class=\"t2-post-link wp-block-t2-post-link\" href=\"https:\/\/mentalhelse.no\/verdal\/aktuelt\/tur-til-levanger-bowling\/\">\n\t<figure style=\"--t2-focal-point: 50% 50%;\" class=\"t2-post-featured-image has-image-ratio-16-9 wp-block-t2-post-featured-image\"><img loading=\"lazy\" decoding=\"async\" width=\"300\" height=\"79\" src=\"https:\/\/mentalhelse.no\/content\/uploads\/sites\/316\/2026\/04\/levanger-bowling.png\" class=\"attachment-post-thumbnail size-post-thumbnail wp-post-image\" alt=\"\" style=\"--focal-point: 50% 50%;\" \/><\/figure>\n<\/a>\n\n<div class=\"wp-block-group postinfo alignfull is-layout-flow wp-block-group-is-layout-flow\">\n\t<div class=\"wp-block-mentalhelse-post-category\">\n\t\t\t\t\t<div class=\"post-type\">\n\t\t\t\t\t\t<a href=\"https:\/\/mentalhelse.no\/verdal\/aktuelt\/\">Nyheter<\/a>\n\t\t\t\t\t<\/div>\n\t\t\t\t\t\n\t\t\t\t\t<div class=\"post-category\">\n\t\t\t\t\t\t\n\t\t\t\t\t<\/div>\n\t\t\t<\/div>\n\t<a class=\"t2-post-link wp-block-t2-post-link\" href=\"https:\/\/mentalhelse.no\/verdal\/aktuelt\/tur-til-levanger-bowling\/\">\n\t<h2 class=\"t2-post-title wp-block-t2-post-title\">Tur til Levanger bowling<\/h2>\n\t<\/a>\n<\/div>\n\n<\/div>\n\n<div class=\"t2-featured-query-post t2-featured-content is-post-type-news wp-block-t2-featured-query-post t2-featured-content-layout-col-4\"><a class=\"t2-post-link wp-block-t2-post-link\" href=\"https:\/\/mentalhelse.no\/verdal\/aktuelt\/walk-and-talk\/\">\n\t<figure style=\"--t2-focal-point: 50% 50%;\" class=\"t2-post-featured-image has-image-ratio-16-9 wp-block-t2-post-featured-image\"><img loading=\"lazy\" decoding=\"async\" width=\"267\" height=\"189\" src=\"https:\/\/mentalhelse.no\/content\/uploads\/sites\/316\/2026\/03\/last-ned.png\" class=\"attachment-post-thumbnail size-post-thumbnail wp-post-image\" alt=\"\" style=\"--focal-point: 50% 50%;\" \/><\/figure>\n<\/a>\n\n<div class=\"wp-block-group postinfo alignfull is-layout-flow wp-block-group-is-layout-flow\">\n\t<div class=\"wp-block-mentalhelse-post-category\">\n\t\t\t\t\t<div class=\"post-type\">\n\t\t\t\t\t\t<a href=\"https:\/\/mentalhelse.no\/verdal\/aktuelt\/\">Nyheter<\/a>\n\t\t\t\t\t<\/div>\n\t\t\t\t\t\n\t\t\t\t\t<div class=\"post-category\">\n\t\t\t\t\t\t\n\t\t\t\t\t<\/div>\n\t\t\t<\/div>\n\t<a class=\"t2-post-link wp-block-t2-post-link\" href=\"https:\/\/mentalhelse.no\/verdal\/aktuelt\/walk-and-talk\/\">\n\t<h2 class=\"t2-post-title wp-block-t2-post-title\">Walk and talk<\/h2>\n\t<\/a>\n<\/div>\n\n<\/div>\n<\/div>\n\n\t\t\t<\/div>\n\t\t<\/div>","protected":false},"excerpt":{"rendered":"<p>I et eksklusivt samarbeid med Stiklestad Golfklubb inviterer vi til introduksjonskurs i golf den 22.06.26. Dette kurset er kostnadsfritt for alle v\u00e5re medlemmer \u00e5 man&#8230;<\/p>\n","protected":false},"author":121,"featured_media":1488,"parent":0,"template":"","meta":{"t2_featured_media_focal_point":{"x":0.5,"y":0.5},"mh_hide_title":true},"news_category":[],"class_list":["post-1485","news","type-news","status-publish","has-post-thumbnail","hentry"],"yoast_head":"<!-- This site is optimized with the Yoast SEO Premium plugin v21.2 (Yoast SEO v21.2) - https:\/\/yoast.com\/wordpress\/plugins\/seo\/ -->\n<title>Introduksjonskurs i golf - Mental Helse - Verdal<\/title>\n<meta name=\"robots\" content=\"index, follow, max-snippet:-1, max-image-preview:large, max-video-preview:-1\" \/>\n<link rel=\"canonical\" href=\"https:\/\/mentalhelse.no\/verdal\/aktuelt\/introduksjonskurs-i-golf\/\" \/>\n<meta property=\"og:locale\" content=\"nb_NO\" \/>\n<meta property=\"og:type\" content=\"article\" \/>\n<meta property=\"og:title\" content=\"Introduksjonskurs i golf\" \/>\n<meta property=\"og:description\" content=\"I et eksklusivt samarbeid med Stiklestad Golfklubb inviterer vi til introduksjonskurs i golf den 22.06.26. Dette kurset er kostnadsfritt for alle v\u00e5re medlemmer \u00e5 man...\" \/>\n<meta property=\"og:url\" content=\"https:\/\/mentalhelse.no\/verdal\/aktuelt\/introduksjonskurs-i-golf\/\" \/>\n<meta property=\"og:site_name\" content=\"Verdal\" \/>\n<meta property=\"article:modified_time\" content=\"2026-05-01T10:00:00+00:00\" \/>\n<meta property=\"og:image\" content=\"https:\/\/mentalhelse.no\/content\/uploads\/sites\/316\/2026\/05\/Plakat-til-golf.png\" \/>\n\t<meta property=\"og:image:width\" content=\"1049\" \/>\n\t<meta property=\"og:image:height\" content=\"794\" \/>\n\t<meta property=\"og:image:type\" content=\"image\/png\" \/>\n<meta name=\"twitter:card\" content=\"summary_large_image\" \/>\n<meta name=\"twitter:label1\" content=\"Ansl. lesetid\" \/>\n\t<meta name=\"twitter:data1\" content=\"2 minutter\" \/>\n<script type=\"application\/ld+json\" class=\"yoast-schema-graph\">{\"@context\":\"https:\/\/schema.org\",\"@graph\":[{\"@type\":\"WebPage\",\"@id\":\"https:\/\/mentalhelse.no\/verdal\/aktuelt\/introduksjonskurs-i-golf\/\",\"url\":\"https:\/\/mentalhelse.no\/verdal\/aktuelt\/introduksjonskurs-i-golf\/\",\"name\":\"Introduksjonskurs i golf - Verdal\",\"isPartOf\":{\"@id\":\"https:\/\/mentalhelse.no\/verdal\/#website\"},\"datePublished\":\"2026-05-01T09:55:05+00:00\",\"dateModified\":\"2026-05-01T10:00:00+00:00\",\"breadcrumb\":{\"@id\":\"https:\/\/mentalhelse.no\/verdal\/aktuelt\/introduksjonskurs-i-golf\/#breadcrumb\"},\"inLanguage\":\"nb-NO\",\"potentialAction\":[{\"@type\":\"ReadAction\",\"target\":[\"https:\/\/mentalhelse.no\/verdal\/aktuelt\/introduksjonskurs-i-golf\/\"]}]},{\"@type\":\"BreadcrumbList\",\"@id\":\"https:\/\/mentalhelse.no\/verdal\/aktuelt\/introduksjonskurs-i-golf\/#breadcrumb\",\"itemListElement\":[{\"@type\":\"ListItem\",\"position\":1,\"name\":\"Hjem\",\"item\":\"https:\/\/mentalhelse.no\/verdal\/\"},{\"@type\":\"ListItem\",\"position\":2,\"name\":\"Nyheter\",\"item\":\"https:\/\/mentalhelse.no\/verdal\/aktuelt\/\"},{\"@type\":\"ListItem\",\"position\":3,\"name\":\"Introduksjonskurs i golf\"}]},{\"@type\":\"WebSite\",\"@id\":\"https:\/\/mentalhelse.no\/verdal\/#website\",\"url\":\"https:\/\/mentalhelse.no\/verdal\/\",\"name\":\"Verdal\",\"description\":\"\",\"potentialAction\":[{\"@type\":\"SearchAction\",\"target\":{\"@type\":\"EntryPoint\",\"urlTemplate\":\"https:\/\/mentalhelse.no\/verdal\/?s={search_term_string}\"},\"query-input\":\"required name=search_term_string\"}],\"inLanguage\":\"nb-NO\"}]}<\/script>\n<!-- \/ Yoast SEO Premium plugin. -->","yoast_head_json":{"title":"Introduksjonskurs i golf - Mental Helse - Verdal","robots":{"index":"index","follow":"follow","max-snippet":"max-snippet:-1","max-image-preview":"max-image-preview:large","max-video-preview":"max-video-preview:-1"},"canonical":"https:\/\/mentalhelse.no\/verdal\/aktuelt\/introduksjonskurs-i-golf\/","og_locale":"nb_NO","og_type":"article","og_title":"Introduksjonskurs i golf","og_description":"I et eksklusivt samarbeid med Stiklestad Golfklubb inviterer vi til introduksjonskurs i golf den 22.06.26. Dette kurset er kostnadsfritt for alle v\u00e5re medlemmer \u00e5 man...","og_url":"https:\/\/mentalhelse.no\/verdal\/aktuelt\/introduksjonskurs-i-golf\/","og_site_name":"Verdal","article_modified_time":"2026-05-01T10:00:00+00:00","og_image":[{"width":1049,"height":794,"url":"https:\/\/mentalhelse.no\/content\/uploads\/sites\/316\/2026\/05\/Plakat-til-golf.png","type":"image\/png"}],"twitter_card":"summary_large_image","twitter_misc":{"Ansl. lesetid":"2 minutter"},"schema":{"@context":"https:\/\/schema.org","@graph":[{"@type":"WebPage","@id":"https:\/\/mentalhelse.no\/verdal\/aktuelt\/introduksjonskurs-i-golf\/","url":"https:\/\/mentalhelse.no\/verdal\/aktuelt\/introduksjonskurs-i-golf\/","name":"Introduksjonskurs i golf - Verdal","isPartOf":{"@id":"https:\/\/mentalhelse.no\/verdal\/#website"},"datePublished":"2026-05-01T09:55:05+00:00","dateModified":"2026-05-01T10:00:00+00:00","breadcrumb":{"@id":"https:\/\/mentalhelse.no\/verdal\/aktuelt\/introduksjonskurs-i-golf\/#breadcrumb"},"inLanguage":"nb-NO","potentialAction":[{"@type":"ReadAction","target":["https:\/\/mentalhelse.no\/verdal\/aktuelt\/introduksjonskurs-i-golf\/"]}]},{"@type":"BreadcrumbList","@id":"https:\/\/mentalhelse.no\/verdal\/aktuelt\/introduksjonskurs-i-golf\/#breadcrumb","itemListElement":[{"@type":"ListItem","position":1,"name":"Hjem","item":"https:\/\/mentalhelse.no\/verdal\/"},{"@type":"ListItem","position":2,"name":"Nyheter","item":"https:\/\/mentalhelse.no\/verdal\/aktuelt\/"},{"@type":"ListItem","position":3,"name":"Introduksjonskurs i golf"}]},{"@type":"WebSite","@id":"https:\/\/mentalhelse.no\/verdal\/#website","url":"https:\/\/mentalhelse.no\/verdal\/","name":"Verdal","description":"","potentialAction":[{"@type":"SearchAction","target":{"@type":"EntryPoint","urlTemplate":"https:\/\/mentalhelse.no\/verdal\/?s={search_term_string}"},"query-input":"required name=search_term_string"}],"inLanguage":"nb-NO"}]}},"_links":{"self":[{"href":"https:\/\/mentalhelse.no\/verdal\/wp-json\/wp\/v2\/news\/1485","targetHints":{"allow":["GET"]}}],"collection":[{"href":"https:\/\/mentalhelse.no\/verdal\/wp-json\/wp\/v2\/news"}],"about":[{"href":"https:\/\/mentalhelse.no\/verdal\/wp-json\/wp\/v2\/types\/news"}],"author":[{"embeddable":true,"href":"https:\/\/mentalhelse.no\/verdal\/wp-json\/wp\/v2\/users\/121"}],"wp:featuredmedia":[{"embeddable":true,"href":"https:\/\/mentalhelse.no\/verdal\/wp-json\/wp\/v2\/media\/1488"}],"wp:attachment":[{"href":"https:\/\/mentalhelse.no\/verdal\/wp-json\/wp\/v2\/media?parent=1485"}],"wp:term":[{"taxonomy":"news_category","embeddable":true,"href":"https:\/\/mentalhelse.no\/verdal\/wp-json\/wp\/v2\/news_category?post=1485"}],"curies":[{"name":"wp","href":"https:\/\/api.w.org\/{rel}","templated":true}]}}