{"id":1036,"date":"2024-03-09T16:07:41","date_gmt":"2024-03-09T16:07:41","guid":{"rendered":"https:\/\/mentalhelse.no\/vestfold-og-telemark\/?post_type=news&#038;p=1036"},"modified":"2024-04-04T15:21:39","modified_gmt":"2024-04-04T15:21:39","slug":"innkalling-til-arsmote-i-mental-helse-vestfold-og-telemark","status":"publish","type":"news","link":"https:\/\/mentalhelse.no\/vestfold-og-telemark\/aktuelt\/innkalling-til-arsmote-i-mental-helse-vestfold-og-telemark\/","title":{"rendered":"Innkalling til \u00e5rsm\u00f8te i Mental Helse Vestfold og Telemark"},"content":{"rendered":"<figure class=\"alignwide wp-block-post-featured-image\"><img loading=\"lazy\" decoding=\"async\" width=\"2480\" height=\"940\" src=\"https:\/\/mentalhelse.no\/content\/uploads\/sites\/193\/2024\/03\/Innkalling-arsmote_2.png\" class=\"attachment-post-thumbnail size-post-thumbnail wp-post-image\" alt=\"\" style=\"object-fit:cover; --focal-point: 50% 50%;\" srcset=\"https:\/\/mentalhelse.no\/content\/uploads\/sites\/193\/2024\/03\/Innkalling-arsmote_2.png 2480w, https:\/\/mentalhelse.no\/content\/uploads\/sites\/193\/2024\/03\/Innkalling-arsmote_2-300x114.png 300w, https:\/\/mentalhelse.no\/content\/uploads\/sites\/193\/2024\/03\/Innkalling-arsmote_2-1024x388.png 1024w, https:\/\/mentalhelse.no\/content\/uploads\/sites\/193\/2024\/03\/Innkalling-arsmote_2-768x291.png 768w, https:\/\/mentalhelse.no\/content\/uploads\/sites\/193\/2024\/03\/Innkalling-arsmote_2-1536x582.png 1536w, https:\/\/mentalhelse.no\/content\/uploads\/sites\/193\/2024\/03\/Innkalling-arsmote_2-2048x776.png 2048w\" sizes=\"auto, (max-width: 2480px) 100vw, 2480px\" \/><\/figure>\n\n<h1 class=\"wp-block-post-title\">Innkalling til \u00e5rsm\u00f8te i Mental Helse Vestfold og Telemark<\/h1>\n\n<div class=\"is-img-top mh-byline wp-block-mh-byline\">\n                  <div class=\"mh-byline__inner\">\n                  \t\n                  \t<div class=\"mh-byline__meta\">\n                  \t\t<div class=\"mh-byline__post\">\n                  \t\t\t<div class=\"entry-date\">09.03.2024<\/div>\n                  \t\t<\/div>\n                  \t\t<div class=\"mh-byline__author\">\n                  \t\t\t <span class=\"mh-byline__author-link\">Stig Roar Mortensen<\/span>\n\t\t\t\t\t\t<\/div>\n\t\t\t\t\t<\/div>\n\t\t\t\t<\/div>\n\t\t<\/div>\n\n\n<p>INNKALLING TIL \u00c5RSM\u00d8TE I MENTAL HELSE VESTFOLD OG<br>TELEMARK ETTER \u00a7\u00a7 18, 19, 20<br>TID OG STED: 20.04.2024 Kl. 13.00 \u2013 Quality Hotel T\u00f8nsberg<br>Saksliste:<\/p>\n\n\n\n<p><br>Sak 1: \u00c5pning\/konstituering<\/p>\n\n\n\n<ul class=\"wp-block-list\">\n<li>navnefortegnelse over fremm\u00f8tte delegater med gyldig medlemskap<\/li>\n\n\n\n<li>godkjenning av innkalling og dagsorden<\/li>\n\n\n\n<li>valg av m\u00f8teleder og sekret\u00e6r for \u00e5rsm\u00f8tet<\/li>\n\n\n\n<li>fastsettelse av forretningsorden<\/li>\n\n\n\n<li>valg av to protokollunderskrivere<\/li>\n\n\n\n<li>valg av tellekorps<br><br>Sak 2: \u00c5rsmelding for \u00e5rsm\u00f8teperioden<br><br>Sak 3: Revidert regnskap for forrige kalender\u00e5r<br><br>Sak 4: Fastsettelse av honorar \/ godtgj\u00f8relse for styret<br><br>Sak 5: Saker foresl\u00e5tt etter \u00a7 18.4<br><br>Sak 6: Handlingsplan til neste ordin\u00e6re \u00e5rsm\u00f8te<br><br>Sak 7: Budsjett for innev\u00e6rende kalender\u00e5r<br><br>Sak 8: Valg<br><br><strong>Saker som \u00f8nskes behandlet p\u00e5 \u00e5rsm\u00f8tet m\u00e5 v\u00e6re innsendt til styret senest 23.03.2024.<\/strong><br><br><br>02.03.2024\/Sandefjord<br>Styret i Mental Helse Vestfold og Telemark<\/li>\n<\/ul>\n\n\n\n\t\t<div class=\"mh-related-posts alignfull alignfull wp-block-mentalhelse-related-posts gray-mode\">\n\t\t\t<div class=\"mh-related-posts__inner\">\n\t\t\t\t\n\n<h3 class=\"wp-block-heading\" id=\"h-also-read\">Also read<\/h3>\n\n\n<div class=\"t2-featured-content-layout alignwide alignwide wp-block-t2-featured-content-layout\">\n<div class=\"t2-featured-query-post t2-featured-content is-post-type-news wp-block-t2-featured-query-post t2-featured-content-layout-col-4\"><a class=\"t2-post-link wp-block-t2-post-link\" href=\"https:\/\/mentalhelse.no\/vestfold-og-telemark\/aktuelt\/sakspapirer-arsmote-2026\/\">\n\t<figure style=\"--t2-focal-point: 50% 50%;\" class=\"t2-post-featured-image has-image-ratio-16-9 wp-block-t2-post-featured-image\"><img loading=\"lazy\" decoding=\"async\" width=\"1058\" height=\"1497\" src=\"https:\/\/mentalhelse.no\/content\/uploads\/sites\/193\/2026\/04\/Mental-Helse-Vestfold-og-Telemark-arsmotepapirer-2026-pdf.jpg\" class=\"attachment-post-thumbnail size-post-thumbnail wp-post-image\" alt=\"\" style=\"--focal-point: 50% 50%;\" \/><\/figure>\n<\/a>\n\n<div class=\"wp-block-group postinfo alignfull is-layout-flow wp-block-group-is-layout-flow\">\n\t<div class=\"wp-block-mentalhelse-post-category\">\n\t\t\t\t\t<div class=\"post-type\">\n\t\t\t\t\t\t<a href=\"https:\/\/mentalhelse.no\/vestfold-og-telemark\/aktuelt\/\">Nyheter<\/a>\n\t\t\t\t\t<\/div>\n\t\t\t\t\t\n\t\t\t\t\t<div class=\"post-category\">\n\t\t\t\t\t\t\n\t\t\t\t\t<\/div>\n\t\t\t<\/div>\n\t<a class=\"t2-post-link wp-block-t2-post-link\" href=\"https:\/\/mentalhelse.no\/vestfold-og-telemark\/aktuelt\/sakspapirer-arsmote-2026\/\">\n\t<h2 class=\"t2-post-title wp-block-t2-post-title\">Sakspapirer &#8211; \u00c5rsm\u00f8te 2026<\/h2>\n\t<\/a>\n<\/div>\n\n<\/div>\n\n<div class=\"t2-featured-query-post t2-featured-content is-post-type-news wp-block-t2-featured-query-post t2-featured-content-layout-col-4\"><a class=\"t2-post-link wp-block-t2-post-link\" href=\"https:\/\/mentalhelse.no\/vestfold-og-telemark\/aktuelt\/innkalling-til-arsmote-i-mental-helse-vestfold-og-telemark-2026\/\">\n\t<figure style=\"--t2-focal-point: 50% 50%;\" class=\"t2-post-featured-image has-image-ratio-16-9 wp-block-t2-post-featured-image\"><img decoding=\"async\" src=\"data:image\/jpeg;base64, \/9j\/4AAQSkZJRgABAQEAYABgAAD\/\/gA+Q1JFQVRPUjogZ2QtanBlZyB2MS4wICh1c2luZyBJSkcgSlBFRyB2ODApLCBkZWZhdWx0IHF1YWxpdHkK\/9sAQwAIBgYHBgUIBwcHCQkICgwUDQwLCwwZEhMPFB0aHx4dGhwcICQuJyAiLCMcHCg3KSwwMTQ0NB8nOT04MjwuMzQy\/9sAQwEJCQkMCwwYDQ0YMiEcITIyMjIyMjIyMjIyMjIyMjIyMjIyMjIyMjIyMjIyMjIyMjIyMjIyMjIyMjIyMjIyMjIy\/8AAEQgBLAEsAwEiAAIRAQMRAf\/EAB8AAAEFAQEBAQEBAAAAAAAAAAABAgMEBQYHCAkKC\/\/EALUQAAIBAwMCBAMFBQQEAAABfQECAwAEEQUSITFBBhNRYQcicRQygZGhCCNCscEVUtHwJDNicoIJChYXGBkaJSYnKCkqNDU2Nzg5OkNERUZHSElKU1RVVldYWVpjZGVmZ2hpanN0dXZ3eHl6g4SFhoeIiYqSk5SVlpeYmZqio6Slpqeoqaqys7S1tre4ubrCw8TFxsfIycrS09TV1tfY2drh4uPk5ebn6Onq8fLz9PX29\/j5+v\/EAB8BAAMBAQEBAQEBAQEAAAAAAAABAgMEBQYHCAkKC\/\/EALURAAIBAgQEAwQHBQQEAAECdwABAgMRBAUhMQYSQVEHYXETIjKBCBRCkaGxwQkjM1LwFWJy0QoWJDThJfEXGBkaJicoKSo1Njc4OTpDREVGR0hJSlNUVVZXWFlaY2RlZmdoaWpzdHV2d3h5eoKDhIWGh4iJipKTlJWWl5iZmqKjpKWmp6ipqrKztLW2t7i5usLDxMXGx8jJytLT1NXW19jZ2uLj5OXm5+jp6vLz9PX29\/j5+v\/aAAwDAQACEQMRAD8A9goooqRhRRRQAUUUUAFFFFABRRRQAUUUUAFFFFABRRRQAUUUUAFFFFABRRRQAUUUUAFFFFABRRRQAUUUUAFFFFABRRRQAUUUUAFFFFABRRRQAUUUUAFFFFABRRRQAUUUUAFFFFABRRRQAUUUUAFFFFABRRRQAUUUUAFFFFABRRRQAUUUUAFFFFABRRRQAUUUUAFFFFABRRRQAUUUUAFFFFABRRRQAUUUUAFFFFABRRRQAUUUUAFFFFABRRRQAUUUUAFFFFABRRRQAUUUUAFFFFABRRRQAUUUUAFFFFABRRRQAUUUUAFFFFABRRRQAUUUUAFFFFABRRRQAUUUUAFFFFABRRRQAUUUUAFFFFABRRRQAUUUUAFFFFABRRRQAUUUUAFFFFABRRRQAUUUUAFFFFABRRRQAUUUUAFFFFABRRRQAUUUUAFFFFABRRRQAUUUUAFFFFABRRRQAUUUUAFFFFABRRRQAUUUUAFFFFABRRRQAUUUUAFFFFABRRRQAUUUUAFFFFABRRRQAUUUUAFFFFABRRRQAUUUUAFFFFABRRRQAUUUUAFFFFABRRRQAUUUUAFFFFABRRRQAUUUUAFFFFABRRRQAUUUUAFFFFABRRRQAUUUUAFFFFABRRRQAUUUUAFFFFABRRRQAUUUUAFFFFABRRRQAUUUUAFFFFABRRRQAUUUUAFFFFABRRRQAUUUUAFFFFABRRRQAUUUUAFFFFABRRRQAUUUUAFFFFABRRRQAUUUUAFFFFABRRRQAUUUUAFFFFABRRRQAUUUUAFFFFABRRRQAUUUUAFFFFABRRRQAUUUUAFFFFABRRRQAUUUUAFFFFABRRRQAUUUUAFFFFABRRRQAUUUUAFFFFABRRRQAUUUUAFFFFABRRRQAUUUUAFFFFABRRRQAUUUUAFFFFABRRRQAUUUUAFFFFABRRRQAUUUUAFFFFABRRRQAUUUUAFFIRkEHPPoarWYJMxLOdsjKMsTgUAWqKKKACiiigAooooAKKKKACiiigAooooAKKKKACiiigAooooAKKKKACiiigAooooAKKKKACiiigAooooAKKKKACiiigAooooAQjIIBI9x2qOGAQliHc7iWIOOvr0qWigAooooAKKKKACiiigAooooAKKKKACiiigAooooAKKKKACiiigAooooAKKKKACiiigAooooAKKKKACiiigAooooAKKKKACiiigAooooAKKKKACiiigAooooAKKKKACiiigAooooAKKKKACiiigAooooAKKKKACiiigAooooAKKKKACiiigAooooAKKKKACiiigAooooAKKKKACiiigAooooAKKKKACiiigAooooAKKKKACiiigAooooAKKKKACiiigAooooAKKKKACiiigAooooAKKKKACiiigAooooAKKKKACiiigAooooAKKKKACiiigAooooAKKKKACiiigAooooAKKKKACiiigAooooAKKKKACiiigAooooAKKKKACiiigAooooAKKKKACiiigAooooAKKKKACiiigAooooAKKKKACiiigAooooAKKKKACiiigAooooAKKKKACiiigAooooAKKKKACiiigAooooAKKKKACiiigAooooAKKKKACiiigAooooAKKKKACiiigAooooAKKKKACiiigAooooAKKKKACiiigAooooAKKKKACiiigAooooAKKKKACiiigAooooAKKKKACiiigAooooAKKKKACiiigAooooAKKKKACiiigAooooAKKKKACiiigAooooAKKKKACiiigAooooAKKKKACiiigAooooAKKKKACiiigAooooAKKKKACiiigAooooAKKKKACiiigAooooAKKKKACiiigAooooAKKKKACiiigAooooAKKKKACiiigAooooAKKKKACiiigAooooAKKKKACiiigAooooAKKKKACiiigAooooAKKKKACiiigAooooAKKKKAP\/2Q==\" alt=\"Innkalling til \u00e5rsm\u00f8te i Mental Helse Vestfold og Telemark 2026\"\/><\/figure>\n<\/a>\n\n<div class=\"wp-block-group postinfo alignfull is-layout-flow wp-block-group-is-layout-flow\">\n\t<div class=\"wp-block-mentalhelse-post-category\">\n\t\t\t\t\t<div class=\"post-type\">\n\t\t\t\t\t\t<a href=\"https:\/\/mentalhelse.no\/vestfold-og-telemark\/aktuelt\/\">Nyheter<\/a>\n\t\t\t\t\t<\/div>\n\t\t\t\t\t\n\t\t\t\t\t<div class=\"post-category\">\n\t\t\t\t\t\t\n\t\t\t\t\t<\/div>\n\t\t\t<\/div>\n\t<a class=\"t2-post-link wp-block-t2-post-link\" href=\"https:\/\/mentalhelse.no\/vestfold-og-telemark\/aktuelt\/innkalling-til-arsmote-i-mental-helse-vestfold-og-telemark-2026\/\">\n\t<h2 class=\"t2-post-title wp-block-t2-post-title\">Innkalling til \u00e5rsm\u00f8te i Mental Helse Vestfold og Telemark 2026<\/h2>\n\t<\/a>\n<\/div>\n\n<\/div>\n\n<div class=\"t2-featured-query-post t2-featured-content is-post-type-news wp-block-t2-featured-query-post t2-featured-content-layout-col-4\"><a class=\"t2-post-link wp-block-t2-post-link\" href=\"https:\/\/mentalhelse.no\/vestfold-og-telemark\/aktuelt\/sakspapirer-arsmote-2025\/\">\n\t<figure style=\"--t2-focal-point: 50% 50%;\" class=\"t2-post-featured-image has-image-ratio-16-9 wp-block-t2-post-featured-image\"><img loading=\"lazy\" decoding=\"async\" width=\"2560\" height=\"1707\" src=\"https:\/\/mentalhelse.no\/content\/uploads\/sites\/193\/2023\/09\/matt-hardy-6ArTTluciuA-unsplash-scaled.jpg\" class=\"attachment-post-thumbnail size-post-thumbnail wp-post-image\" alt=\"\" srcset=\"https:\/\/mentalhelse.no\/content\/uploads\/sites\/193\/2023\/09\/matt-hardy-6ArTTluciuA-unsplash-scaled.jpg 2560w, https:\/\/mentalhelse.no\/content\/uploads\/sites\/193\/2023\/09\/matt-hardy-6ArTTluciuA-unsplash-300x200.jpg 300w, https:\/\/mentalhelse.no\/content\/uploads\/sites\/193\/2023\/09\/matt-hardy-6ArTTluciuA-unsplash-1024x683.jpg 1024w, https:\/\/mentalhelse.no\/content\/uploads\/sites\/193\/2023\/09\/matt-hardy-6ArTTluciuA-unsplash-768x512.jpg 768w, https:\/\/mentalhelse.no\/content\/uploads\/sites\/193\/2023\/09\/matt-hardy-6ArTTluciuA-unsplash-1536x1024.jpg 1536w, https:\/\/mentalhelse.no\/content\/uploads\/sites\/193\/2023\/09\/matt-hardy-6ArTTluciuA-unsplash-2048x1365.jpg 2048w\" sizes=\"auto, (max-width: 2560px) 100vw, 2560px\" style=\"--focal-point: 50% 50%;\" \/><\/figure>\n<\/a>\n\n<div class=\"wp-block-group postinfo alignfull is-layout-flow wp-block-group-is-layout-flow\">\n\t<div class=\"wp-block-mentalhelse-post-category\">\n\t\t\t\t\t<div class=\"post-type\">\n\t\t\t\t\t\t<a href=\"https:\/\/mentalhelse.no\/vestfold-og-telemark\/aktuelt\/\">Nyheter<\/a>\n\t\t\t\t\t<\/div>\n\t\t\t\t\t\n\t\t\t\t\t<div class=\"post-category\">\n\t\t\t\t\t\t\n\t\t\t\t\t<\/div>\n\t\t\t<\/div>\n\t<a class=\"t2-post-link wp-block-t2-post-link\" href=\"https:\/\/mentalhelse.no\/vestfold-og-telemark\/aktuelt\/sakspapirer-arsmote-2025\/\">\n\t<h2 class=\"t2-post-title wp-block-t2-post-title\">Sakspapirer &#8211; \u00c5rsm\u00f8te 2025<\/h2>\n\t<\/a>\n<\/div>\n\n<\/div>\n<\/div>\n\n\t\t\t<\/div>\n\t\t<\/div>","protected":false},"excerpt":{"rendered":"<p>INNKALLING TIL \u00c5RSM\u00d8TE I MENTAL HELSE VESTFOLD OGTELEMARK ETTER \u00a7\u00a7 18, 19, 20TID OG STED: 20.04.2024 Kl. 13.00 \u2013 Quality Hotel T\u00f8nsbergSaksliste: Sak 1: \u00c5pning\/konstituering<\/p>\n","protected":false},"author":88,"featured_media":1039,"parent":0,"template":"","meta":{"t2_featured_media_focal_point":{"x":0.5,"y":0.5},"mh_hide_title":true},"news_category":[],"class_list":["post-1036","news","type-news","status-publish","has-post-thumbnail","hentry"],"yoast_head":"<!-- This site is optimized with the Yoast SEO Premium plugin v21.2 (Yoast SEO v21.2) - https:\/\/yoast.com\/wordpress\/plugins\/seo\/ -->\n<title>Innkalling til \u00e5rsm\u00f8te i Mental Helse Mental Helse - Vestfold og Telemark - Mental Helse - Vestfold og Telemark<\/title>\n<meta name=\"robots\" content=\"index, follow, max-snippet:-1, max-image-preview:large, max-video-preview:-1\" \/>\n<link rel=\"canonical\" href=\"https:\/\/mentalhelse.no\/vestfold-og-telemark\/aktuelt\/innkalling-til-arsmote-i-mental-helse-vestfold-og-telemark\/\" \/>\n<meta property=\"og:locale\" content=\"nb_NO\" \/>\n<meta property=\"og:type\" content=\"article\" \/>\n<meta property=\"og:title\" content=\"Innkalling til \u00e5rsm\u00f8te i Mental Helse Vestfold og Telemark\" \/>\n<meta property=\"og:description\" content=\"INNKALLING TIL \u00c5RSM\u00d8TE I MENTAL HELSE VESTFOLD OGTELEMARK ETTER \u00a7\u00a7 18, 19, 20TID OG STED: 20.04.2024 Kl. 13.00 \u2013 Quality Hotel T\u00f8nsbergSaksliste: Sak 1: \u00c5pning\/konstituering\" \/>\n<meta property=\"og:url\" content=\"https:\/\/mentalhelse.no\/vestfold-og-telemark\/aktuelt\/innkalling-til-arsmote-i-mental-helse-vestfold-og-telemark\/\" \/>\n<meta property=\"og:site_name\" content=\"Vestfold og Telemark\" \/>\n<meta property=\"article:modified_time\" content=\"2024-04-04T15:21:39+00:00\" \/>\n<meta property=\"og:image\" content=\"https:\/\/mentalhelse.no\/content\/uploads\/sites\/193\/2024\/03\/Innkalling-arsmote_2-1024x388.png\" \/>\n\t<meta property=\"og:image:width\" content=\"1024\" \/>\n\t<meta property=\"og:image:height\" content=\"388\" \/>\n\t<meta property=\"og:image:type\" content=\"image\/png\" \/>\n<meta name=\"twitter:card\" content=\"summary_large_image\" \/>\n<meta name=\"twitter:label1\" content=\"Ansl. lesetid\" \/>\n\t<meta name=\"twitter:data1\" content=\"1 minutt\" \/>\n<script type=\"application\/ld+json\" class=\"yoast-schema-graph\">{\"@context\":\"https:\/\/schema.org\",\"@graph\":[{\"@type\":\"WebPage\",\"@id\":\"https:\/\/mentalhelse.no\/vestfold-og-telemark\/aktuelt\/innkalling-til-arsmote-i-mental-helse-vestfold-og-telemark\/\",\"url\":\"https:\/\/mentalhelse.no\/vestfold-og-telemark\/aktuelt\/innkalling-til-arsmote-i-mental-helse-vestfold-og-telemark\/\",\"name\":\"Innkalling til \u00e5rsm\u00f8te i Mental Helse Vestfold og Telemark - Vestfold og Telemark\",\"isPartOf\":{\"@id\":\"https:\/\/mentalhelse.no\/vestfold-og-telemark\/#website\"},\"datePublished\":\"2024-03-09T16:07:41+00:00\",\"dateModified\":\"2024-04-04T15:21:39+00:00\",\"breadcrumb\":{\"@id\":\"https:\/\/mentalhelse.no\/vestfold-og-telemark\/aktuelt\/innkalling-til-arsmote-i-mental-helse-vestfold-og-telemark\/#breadcrumb\"},\"inLanguage\":\"nb-NO\",\"potentialAction\":[{\"@type\":\"ReadAction\",\"target\":[\"https:\/\/mentalhelse.no\/vestfold-og-telemark\/aktuelt\/innkalling-til-arsmote-i-mental-helse-vestfold-og-telemark\/\"]}]},{\"@type\":\"BreadcrumbList\",\"@id\":\"https:\/\/mentalhelse.no\/vestfold-og-telemark\/aktuelt\/innkalling-til-arsmote-i-mental-helse-vestfold-og-telemark\/#breadcrumb\",\"itemListElement\":[{\"@type\":\"ListItem\",\"position\":1,\"name\":\"Hjem\",\"item\":\"https:\/\/mentalhelse.no\/vestfold-og-telemark\/\"},{\"@type\":\"ListItem\",\"position\":2,\"name\":\"Nyheter\",\"item\":\"https:\/\/mentalhelse.no\/vestfold-og-telemark\/aktuelt\/\"},{\"@type\":\"ListItem\",\"position\":3,\"name\":\"Innkalling til \u00e5rsm\u00f8te i Mental Helse Vestfold og Telemark\"}]},{\"@type\":\"WebSite\",\"@id\":\"https:\/\/mentalhelse.no\/vestfold-og-telemark\/#website\",\"url\":\"https:\/\/mentalhelse.no\/vestfold-og-telemark\/\",\"name\":\"Vestfold og Telemark\",\"description\":\"\",\"potentialAction\":[{\"@type\":\"SearchAction\",\"target\":{\"@type\":\"EntryPoint\",\"urlTemplate\":\"https:\/\/mentalhelse.no\/vestfold-og-telemark\/?s={search_term_string}\"},\"query-input\":\"required name=search_term_string\"}],\"inLanguage\":\"nb-NO\"}]}<\/script>\n<!-- \/ Yoast SEO Premium plugin. -->","yoast_head_json":{"title":"Innkalling til \u00e5rsm\u00f8te i Mental Helse Mental Helse - Vestfold og Telemark - Mental Helse - Vestfold og Telemark","robots":{"index":"index","follow":"follow","max-snippet":"max-snippet:-1","max-image-preview":"max-image-preview:large","max-video-preview":"max-video-preview:-1"},"canonical":"https:\/\/mentalhelse.no\/vestfold-og-telemark\/aktuelt\/innkalling-til-arsmote-i-mental-helse-vestfold-og-telemark\/","og_locale":"nb_NO","og_type":"article","og_title":"Innkalling til \u00e5rsm\u00f8te i Mental Helse Vestfold og Telemark","og_description":"INNKALLING TIL \u00c5RSM\u00d8TE I MENTAL HELSE VESTFOLD OGTELEMARK ETTER \u00a7\u00a7 18, 19, 20TID OG STED: 20.04.2024 Kl. 13.00 \u2013 Quality Hotel T\u00f8nsbergSaksliste: Sak 1: \u00c5pning\/konstituering","og_url":"https:\/\/mentalhelse.no\/vestfold-og-telemark\/aktuelt\/innkalling-til-arsmote-i-mental-helse-vestfold-og-telemark\/","og_site_name":"Vestfold og Telemark","article_modified_time":"2024-04-04T15:21:39+00:00","og_image":[{"width":1024,"height":388,"url":"https:\/\/mentalhelse.no\/content\/uploads\/sites\/193\/2024\/03\/Innkalling-arsmote_2-1024x388.png","type":"image\/png"}],"twitter_card":"summary_large_image","twitter_misc":{"Ansl. lesetid":"1 minutt"},"schema":{"@context":"https:\/\/schema.org","@graph":[{"@type":"WebPage","@id":"https:\/\/mentalhelse.no\/vestfold-og-telemark\/aktuelt\/innkalling-til-arsmote-i-mental-helse-vestfold-og-telemark\/","url":"https:\/\/mentalhelse.no\/vestfold-og-telemark\/aktuelt\/innkalling-til-arsmote-i-mental-helse-vestfold-og-telemark\/","name":"Innkalling til \u00e5rsm\u00f8te i Mental Helse Vestfold og Telemark - Vestfold og Telemark","isPartOf":{"@id":"https:\/\/mentalhelse.no\/vestfold-og-telemark\/#website"},"datePublished":"2024-03-09T16:07:41+00:00","dateModified":"2024-04-04T15:21:39+00:00","breadcrumb":{"@id":"https:\/\/mentalhelse.no\/vestfold-og-telemark\/aktuelt\/innkalling-til-arsmote-i-mental-helse-vestfold-og-telemark\/#breadcrumb"},"inLanguage":"nb-NO","potentialAction":[{"@type":"ReadAction","target":["https:\/\/mentalhelse.no\/vestfold-og-telemark\/aktuelt\/innkalling-til-arsmote-i-mental-helse-vestfold-og-telemark\/"]}]},{"@type":"BreadcrumbList","@id":"https:\/\/mentalhelse.no\/vestfold-og-telemark\/aktuelt\/innkalling-til-arsmote-i-mental-helse-vestfold-og-telemark\/#breadcrumb","itemListElement":[{"@type":"ListItem","position":1,"name":"Hjem","item":"https:\/\/mentalhelse.no\/vestfold-og-telemark\/"},{"@type":"ListItem","position":2,"name":"Nyheter","item":"https:\/\/mentalhelse.no\/vestfold-og-telemark\/aktuelt\/"},{"@type":"ListItem","position":3,"name":"Innkalling til \u00e5rsm\u00f8te i Mental Helse Vestfold og Telemark"}]},{"@type":"WebSite","@id":"https:\/\/mentalhelse.no\/vestfold-og-telemark\/#website","url":"https:\/\/mentalhelse.no\/vestfold-og-telemark\/","name":"Vestfold og Telemark","description":"","potentialAction":[{"@type":"SearchAction","target":{"@type":"EntryPoint","urlTemplate":"https:\/\/mentalhelse.no\/vestfold-og-telemark\/?s={search_term_string}"},"query-input":"required name=search_term_string"}],"inLanguage":"nb-NO"}]}},"_links":{"self":[{"href":"https:\/\/mentalhelse.no\/vestfold-og-telemark\/wp-json\/wp\/v2\/news\/1036","targetHints":{"allow":["GET"]}}],"collection":[{"href":"https:\/\/mentalhelse.no\/vestfold-og-telemark\/wp-json\/wp\/v2\/news"}],"about":[{"href":"https:\/\/mentalhelse.no\/vestfold-og-telemark\/wp-json\/wp\/v2\/types\/news"}],"author":[{"embeddable":true,"href":"https:\/\/mentalhelse.no\/vestfold-og-telemark\/wp-json\/wp\/v2\/users\/88"}],"wp:featuredmedia":[{"embeddable":true,"href":"https:\/\/mentalhelse.no\/vestfold-og-telemark\/wp-json\/wp\/v2\/media\/1039"}],"wp:attachment":[{"href":"https:\/\/mentalhelse.no\/vestfold-og-telemark\/wp-json\/wp\/v2\/media?parent=1036"}],"wp:term":[{"taxonomy":"news_category","embeddable":true,"href":"https:\/\/mentalhelse.no\/vestfold-og-telemark\/wp-json\/wp\/v2\/news_category?post=1036"}],"curies":[{"name":"wp","href":"https:\/\/api.w.org\/{rel}","templated":true}]}}