{"id":1094,"date":"2026-03-14T18:23:54","date_gmt":"2026-03-14T18:23:54","guid":{"rendered":"https:\/\/mentalhelse.no\/vestfold-og-telemark\/?post_type=news&#038;p=1094"},"modified":"2026-03-14T18:23:54","modified_gmt":"2026-03-14T18:23:54","slug":"innkalling-til-arsmote-i-mental-helse-vestfold-og-telemark-2026","status":"publish","type":"news","link":"https:\/\/mentalhelse.no\/vestfold-og-telemark\/aktuelt\/innkalling-til-arsmote-i-mental-helse-vestfold-og-telemark-2026\/","title":{"rendered":"Innkalling til \u00e5rsm\u00f8te i Mental Helse Vestfold og Telemark 2026"},"content":{"rendered":"<figure class=\"alignwide wp-block-post-featured-image\"><img decoding=\"async\" src=\"data:image\/jpeg;base64, \/9j\/4AAQSkZJRgABAQEAYABgAAD\/\/gA+Q1JFQVRPUjogZ2QtanBlZyB2MS4wICh1c2luZyBJSkcgSlBFRyB2ODApLCBkZWZhdWx0IHF1YWxpdHkK\/9sAQwAIBgYHBgUIBwcHCQkICgwUDQwLCwwZEhMPFB0aHx4dGhwcICQuJyAiLCMcHCg3KSwwMTQ0NB8nOT04MjwuMzQy\/9sAQwEJCQkMCwwYDQ0YMiEcITIyMjIyMjIyMjIyMjIyMjIyMjIyMjIyMjIyMjIyMjIyMjIyMjIyMjIyMjIyMjIyMjIy\/8AAEQgBLAEsAwEiAAIRAQMRAf\/EAB8AAAEFAQEBAQEBAAAAAAAAAAABAgMEBQYHCAkKC\/\/EALUQAAIBAwMCBAMFBQQEAAABfQECAwAEEQUSITFBBhNRYQcicRQygZGhCCNCscEVUtHwJDNicoIJChYXGBkaJSYnKCkqNDU2Nzg5OkNERUZHSElKU1RVVldYWVpjZGVmZ2hpanN0dXZ3eHl6g4SFhoeIiYqSk5SVlpeYmZqio6Slpqeoqaqys7S1tre4ubrCw8TFxsfIycrS09TV1tfY2drh4uPk5ebn6Onq8fLz9PX29\/j5+v\/EAB8BAAMBAQEBAQEBAQEAAAAAAAABAgMEBQYHCAkKC\/\/EALURAAIBAgQEAwQHBQQEAAECdwABAgMRBAUhMQYSQVEHYXETIjKBCBRCkaGxwQkjM1LwFWJy0QoWJDThJfEXGBkaJicoKSo1Njc4OTpDREVGR0hJSlNUVVZXWFlaY2RlZmdoaWpzdHV2d3h5eoKDhIWGh4iJipKTlJWWl5iZmqKjpKWmp6ipqrKztLW2t7i5usLDxMXGx8jJytLT1NXW19jZ2uLj5OXm5+jp6vLz9PX29\/j5+v\/aAAwDAQACEQMRAD8A9goooqRhRRRQAUUUUAFFFFABRRRQAUUUUAFFFFABRRRQAUUUUAFFFFABRRRQAUUUUAFFFFABRRRQAUUUUAFFFFABRRRQAUUUUAFFFFABRRRQAUUUUAFFFFABRRRQAUUUUAFFFFABRRRQAUUUUAFFFFABRRRQAUUUUAFFFFABRRRQAUUUUAFFFFABRRRQAUUUUAFFFFABRRRQAUUUUAFFFFABRRRQAUUUUAFFFFABRRRQAUUUUAFFFFABRRRQAUUUUAFFFFABRRRQAUUUUAFFFFABRRRQAUUUUAFFFFABRRRQAUUUUAFFFFABRRRQAUUUUAFFFFABRRRQAUUUUAFFFFABRRRQAUUUUAFFFFABRRRQAUUUUAFFFFABRRRQAUUUUAFFFFABRRRQAUUUUAFFFFABRRRQAUUUUAFFFFABRRRQAUUUUAFFFFABRRRQAUUUUAFFFFABRRRQAUUUUAFFFFABRRRQAUUUUAFFFFABRRRQAUUUUAFFFFABRRRQAUUUUAFFFFABRRRQAUUUUAFFFFABRRRQAUUUUAFFFFABRRRQAUUUUAFFFFABRRRQAUUUUAFFFFABRRRQAUUUUAFFFFABRRRQAUUUUAFFFFABRRRQAUUUUAFFFFABRRRQAUUUUAFFFFABRRRQAUUUUAFFFFABRRRQAUUUUAFFFFABRRRQAUUUUAFFFFABRRRQAUUUUAFFFFABRRRQAUUUUAFFFFABRRRQAUUUUAFFFFABRRRQAUUUUAFFFFABRRRQAUUUUAFFFFABRRRQAUUUUAFFFFABRRRQAUUUUAFFFFABRRRQAUUUUAFFFFABRRRQAUUUUAFFFFABRRRQAUUUUAFFFFABRRRQAUUUUAFFFFABRRRQAUUUUAFFFFABRRRQAUUUUAFFFFABRRRQAUUUUAFFFFABRRRQAUUUUAFFFFABRRRQAUUUUAFFFFABRRRQAUUUUAFFIRkEHPPoarWYJMxLOdsjKMsTgUAWqKKKACiiigAooooAKKKKACiiigAooooAKKKKACiiigAooooAKKKKACiiigAooooAKKKKACiiigAooooAKKKKACiiigAooooAQjIIBI9x2qOGAQliHc7iWIOOvr0qWigAooooAKKKKACiiigAooooAKKKKACiiigAooooAKKKKACiiigAooooAKKKKACiiigAooooAKKKKACiiigAooooAKKKKACiiigAooooAKKKKACiiigAooooAKKKKACiiigAooooAKKKKACiiigAooooAKKKKACiiigAooooAKKKKACiiigAooooAKKKKACiiigAooooAKKKKACiiigAooooAKKKKACiiigAooooAKKKKACiiigAooooAKKKKACiiigAooooAKKKKACiiigAooooAKKKKACiiigAooooAKKKKACiiigAooooAKKKKACiiigAooooAKKKKACiiigAooooAKKKKACiiigAooooAKKKKACiiigAooooAKKKKACiiigAooooAKKKKACiiigAooooAKKKKACiiigAooooAKKKKACiiigAooooAKKKKACiiigAooooAKKKKACiiigAooooAKKKKACiiigAooooAKKKKACiiigAooooAKKKKACiiigAooooAKKKKACiiigAooooAKKKKACiiigAooooAKKKKACiiigAooooAKKKKACiiigAooooAKKKKACiiigAooooAKKKKACiiigAooooAKKKKACiiigAooooAKKKKACiiigAooooAKKKKACiiigAooooAKKKKACiiigAooooAKKKKACiiigAooooAKKKKACiiigAooooAKKKKACiiigAooooAKKKKACiiigAooooAKKKKACiiigAooooAKKKKACiiigAooooAKKKKACiiigAooooAKKKKACiiigAooooAKKKKACiiigAooooAKKKKACiiigAooooAKKKKACiiigAooooAKKKKAP\/2Q==\" alt=\"Innkalling til \u00e5rsm\u00f8te i Mental Helse Vestfold og Telemark 2026\"\/><\/figure>\n\n<h1 class=\"wp-block-post-title\">Innkalling til \u00e5rsm\u00f8te i Mental Helse Vestfold og Telemark 2026<\/h1>\n\n<div class=\"is-img-top mh-byline wp-block-mh-byline\">\n                  <div class=\"mh-byline__inner\">\n                  \t\n                  \t<div class=\"mh-byline__meta\">\n                  \t\t<div class=\"mh-byline__post\">\n                  \t\t\t<div class=\"entry-date\">14.03.2026<\/div>\n                  \t\t<\/div>\n                  \t\t<div class=\"mh-byline__author\">\n                  \t\t\t <span class=\"mh-byline__author-link\">Stig Roar Mortensen<\/span>\n\t\t\t\t\t\t<\/div>\n\t\t\t\t\t<\/div>\n\t\t\t\t<\/div>\n\t\t<\/div>\n\n\n<p>Det innkalles til \u00e5rsm\u00f8te i Mental Helse Vestfold og Telemark l\u00f8rdag 25.04.2026 kl. 11:00.<\/p>\n\n\n\n<p>Sted: Hotel Atlantic, Jernbaneall\u00e9en 33, 3201 SANDEFJORD.<\/p>\n\n\n\n<p>Alle lokallag kan stille med inntil 3 \u00e5rsm\u00f8tevalgte delegater til \u00e5rsm\u00f8te i fylket.<\/p>\n\n\n\n<p>Merk at delegatene M\u00c5 V\u00c6RE VALGT P\u00c5 \u00c5RSM\u00d8TE I LOKALLAGET!<\/p>\n\n\n\n<p>NB! Lokallaget m\u00e5 ogs\u00e5 ha sendt fylkesstyret protokollen fra \u00e5rsm\u00f8tet i lokallaget for 2026 hvor det kommer frem hvilke delegater som ble valgt. I tillegg m\u00e5 delegaten ha betalt medlemsavgiften per 25.04.26 for \u00e5 ha talerett, forslagsrett og stemmerett samt \u00e5 v\u00e6re valgbar til tillitsverv.<\/p>\n\n\n\n<p>Saksliste etter vedtektenes \u00a7\u00a7 18, 19 og 20.<\/p>\n\n\n\n<p>Sak 1: \u00c5pning\/konstituering<\/p>\n\n\n\n<p>\u00b7 Navnefortegnelse over fremm\u00f8tte delegater og styremedlemmer med gyldig medlemskap, som har tale, &#8211; forslag, &#8211; og stemmerett.<\/p>\n\n\n\n<p>\u00b7 Godkjenning av innkalling og dagsorden.<\/p>\n\n\n\n<p>\u00b7 Valg av m\u00f8teleder for \u00e5rsm\u00f8tet.<\/p>\n\n\n\n<p>\u00b7 Valg av sekret\u00e6r for \u00e5rsm\u00f8tet.<\/p>\n\n\n\n<p>\u00b7 Fastsettelse av forretningsorden.<\/p>\n\n\n\n<p>\u00b7 Valg av to protokollunderskrivere.<\/p>\n\n\n\n<p>\u00b7 Valg av tellekorps.<\/p>\n\n\n\n<p>Sak 2: \u00c5rsmelding for \u00e5rsm\u00f8teperioden<\/p>\n\n\n\n<p>Sak 3: Revidert regnskap for forrige kalender\u00e5r (2025)<\/p>\n\n\n\n<p>Sak 4: Fastsettelse av honorar for (2026-2027)<\/p>\n\n\n\n<p>Sak 5: Innkomne saker etter \u00a7 18.4<\/p>\n\n\n\n<p>Sak 6: Handlingsplan (2026)<\/p>\n\n\n\n<p>Sak 7: Budsjett for innev\u00e6rende kalender\u00e5r (2026)<\/p>\n\n\n\n<p>Sak 8: Valg<\/p>\n\n\n\n<p>Forslag som \u00f8nskes tatt opp p\u00e5 \u00e5rsm\u00f8te m\u00e5 sendes til vestfoldogtelemark@mentalhelse.no, eller Mental Helse Vestfold og Telemark C\/O Gustav L\u00f8venhjelm, Huslyveien 1 C, 3159 MELSOMVIK, og m\u00e5 v\u00e6re mottatt av fylkesstyret\/leder senest 28.03.2026.<\/p>\n\n\n\n<p>Alle sakspapirer, inkludert \u00e5rsmelding, regnskap og valgkomiteens innstilling er tilgjengelig p\u00e5 Mental Helse Vestfold og Telemark sine hjemmesider senest 11.04.2026.<\/p>\n\n\n\n<p>De kan ogs\u00e5 f\u00e5s etter 11.04.26 ved henvendelse til leder Gustav L\u00f8venhjelm.<\/p>\n\n\n\n<p>Med vennlig hilsen<\/p>\n\n\n\n<p>Styret i Mental Helse Vestfold og Telemark.<\/p>\n\n\n\n\t\t<div class=\"mh-related-posts alignfull alignfull wp-block-mentalhelse-related-posts gray-mode\">\n\t\t\t<div class=\"mh-related-posts__inner\">\n\t\t\t\t\n\n<h3 class=\"wp-block-heading\" id=\"h-also-read\">Also read<\/h3>\n\n\n<div class=\"t2-featured-content-layout alignwide alignwide wp-block-t2-featured-content-layout\">\n<div class=\"t2-featured-query-post t2-featured-content is-post-type-news wp-block-t2-featured-query-post t2-featured-content-layout-col-4\"><a class=\"t2-post-link wp-block-t2-post-link\" href=\"https:\/\/mentalhelse.no\/vestfold-og-telemark\/aktuelt\/sakspapirer-arsmote-2026\/\">\n\t<figure style=\"--t2-focal-point: 50% 50%;\" class=\"t2-post-featured-image has-image-ratio-16-9 wp-block-t2-post-featured-image\"><img loading=\"lazy\" decoding=\"async\" width=\"1058\" height=\"1497\" src=\"https:\/\/mentalhelse.no\/content\/uploads\/sites\/193\/2026\/04\/Mental-Helse-Vestfold-og-Telemark-arsmotepapirer-2026-pdf.jpg\" class=\"attachment-post-thumbnail size-post-thumbnail wp-post-image\" alt=\"\" style=\"--focal-point: 50% 50%;\" \/><\/figure>\n<\/a>\n\n<div class=\"wp-block-group postinfo alignfull is-layout-flow wp-block-group-is-layout-flow\">\n\t<div class=\"wp-block-mentalhelse-post-category\">\n\t\t\t\t\t<div class=\"post-type\">\n\t\t\t\t\t\t<a href=\"https:\/\/mentalhelse.no\/vestfold-og-telemark\/aktuelt\/\">Nyheter<\/a>\n\t\t\t\t\t<\/div>\n\t\t\t\t\t\n\t\t\t\t\t<div class=\"post-category\">\n\t\t\t\t\t\t\n\t\t\t\t\t<\/div>\n\t\t\t<\/div>\n\t<a class=\"t2-post-link wp-block-t2-post-link\" href=\"https:\/\/mentalhelse.no\/vestfold-og-telemark\/aktuelt\/sakspapirer-arsmote-2026\/\">\n\t<h2 class=\"t2-post-title wp-block-t2-post-title\">Sakspapirer &#8211; \u00c5rsm\u00f8te 2026<\/h2>\n\t<\/a>\n<\/div>\n\n<\/div>\n\n<div class=\"t2-featured-query-post t2-featured-content is-post-type-news wp-block-t2-featured-query-post t2-featured-content-layout-col-4\"><a class=\"t2-post-link wp-block-t2-post-link\" href=\"https:\/\/mentalhelse.no\/vestfold-og-telemark\/aktuelt\/sakspapirer-arsmote-2025\/\">\n\t<figure style=\"--t2-focal-point: 50% 50%;\" class=\"t2-post-featured-image has-image-ratio-16-9 wp-block-t2-post-featured-image\"><img loading=\"lazy\" decoding=\"async\" width=\"2560\" height=\"1707\" src=\"https:\/\/mentalhelse.no\/content\/uploads\/sites\/193\/2023\/09\/matt-hardy-6ArTTluciuA-unsplash-scaled.jpg\" class=\"attachment-post-thumbnail size-post-thumbnail wp-post-image\" alt=\"\" srcset=\"https:\/\/mentalhelse.no\/content\/uploads\/sites\/193\/2023\/09\/matt-hardy-6ArTTluciuA-unsplash-scaled.jpg 2560w, https:\/\/mentalhelse.no\/content\/uploads\/sites\/193\/2023\/09\/matt-hardy-6ArTTluciuA-unsplash-300x200.jpg 300w, https:\/\/mentalhelse.no\/content\/uploads\/sites\/193\/2023\/09\/matt-hardy-6ArTTluciuA-unsplash-1024x683.jpg 1024w, https:\/\/mentalhelse.no\/content\/uploads\/sites\/193\/2023\/09\/matt-hardy-6ArTTluciuA-unsplash-768x512.jpg 768w, https:\/\/mentalhelse.no\/content\/uploads\/sites\/193\/2023\/09\/matt-hardy-6ArTTluciuA-unsplash-1536x1024.jpg 1536w, https:\/\/mentalhelse.no\/content\/uploads\/sites\/193\/2023\/09\/matt-hardy-6ArTTluciuA-unsplash-2048x1365.jpg 2048w\" sizes=\"auto, (max-width: 2560px) 100vw, 2560px\" style=\"--focal-point: 50% 50%;\" \/><\/figure>\n<\/a>\n\n<div class=\"wp-block-group postinfo alignfull is-layout-flow wp-block-group-is-layout-flow\">\n\t<div class=\"wp-block-mentalhelse-post-category\">\n\t\t\t\t\t<div class=\"post-type\">\n\t\t\t\t\t\t<a href=\"https:\/\/mentalhelse.no\/vestfold-og-telemark\/aktuelt\/\">Nyheter<\/a>\n\t\t\t\t\t<\/div>\n\t\t\t\t\t\n\t\t\t\t\t<div class=\"post-category\">\n\t\t\t\t\t\t\n\t\t\t\t\t<\/div>\n\t\t\t<\/div>\n\t<a class=\"t2-post-link wp-block-t2-post-link\" href=\"https:\/\/mentalhelse.no\/vestfold-og-telemark\/aktuelt\/sakspapirer-arsmote-2025\/\">\n\t<h2 class=\"t2-post-title wp-block-t2-post-title\">Sakspapirer &#8211; \u00c5rsm\u00f8te 2025<\/h2>\n\t<\/a>\n<\/div>\n\n<\/div>\n\n<div class=\"t2-featured-query-post t2-featured-content is-post-type-news wp-block-t2-featured-query-post t2-featured-content-layout-col-4\"><a class=\"t2-post-link wp-block-t2-post-link\" href=\"https:\/\/mentalhelse.no\/vestfold-og-telemark\/aktuelt\/landsmote-2024\/\">\n\t<figure style=\"--t2-focal-point: 50% 50%;\" class=\"t2-post-featured-image has-image-ratio-16-9 wp-block-t2-post-featured-image\"><img loading=\"lazy\" decoding=\"async\" width=\"2560\" height=\"1707\" src=\"https:\/\/mentalhelse.no\/content\/uploads\/sites\/193\/2024\/11\/Vestfold-og-Telemark-scaled.jpg\" class=\"attachment-post-thumbnail size-post-thumbnail wp-post-image\" alt=\"\" srcset=\"https:\/\/mentalhelse.no\/content\/uploads\/sites\/193\/2024\/11\/Vestfold-og-Telemark-scaled.jpg 2560w, https:\/\/mentalhelse.no\/content\/uploads\/sites\/193\/2024\/11\/Vestfold-og-Telemark-300x200.jpg 300w, https:\/\/mentalhelse.no\/content\/uploads\/sites\/193\/2024\/11\/Vestfold-og-Telemark-1024x683.jpg 1024w, https:\/\/mentalhelse.no\/content\/uploads\/sites\/193\/2024\/11\/Vestfold-og-Telemark-768x512.jpg 768w, https:\/\/mentalhelse.no\/content\/uploads\/sites\/193\/2024\/11\/Vestfold-og-Telemark-1536x1024.jpg 1536w, https:\/\/mentalhelse.no\/content\/uploads\/sites\/193\/2024\/11\/Vestfold-og-Telemark-2048x1365.jpg 2048w\" sizes=\"auto, (max-width: 2560px) 100vw, 2560px\" style=\"--focal-point: 50% 50%;\" \/><\/figure>\n<\/a>\n\n<div class=\"wp-block-group postinfo alignfull is-layout-flow wp-block-group-is-layout-flow\">\n\t<div class=\"wp-block-mentalhelse-post-category\">\n\t\t\t\t\t<div class=\"post-type\">\n\t\t\t\t\t\t<a href=\"https:\/\/mentalhelse.no\/vestfold-og-telemark\/aktuelt\/\">Nyheter<\/a>\n\t\t\t\t\t<\/div>\n\t\t\t\t\t\n\t\t\t\t\t<div class=\"post-category\">\n\t\t\t\t\t\t\n\t\t\t\t\t<\/div>\n\t\t\t<\/div>\n\t<a class=\"t2-post-link wp-block-t2-post-link\" href=\"https:\/\/mentalhelse.no\/vestfold-og-telemark\/aktuelt\/landsmote-2024\/\">\n\t<h2 class=\"t2-post-title wp-block-t2-post-title\">Landsm\u00f8te 2024<\/h2>\n\t<\/a>\n<\/div>\n\n<\/div>\n<\/div>\n\n\t\t\t<\/div>\n\t\t<\/div>","protected":false},"excerpt":{"rendered":"<p>Det innkalles til \u00e5rsm\u00f8te i Mental Helse Vestfold og Telemark l\u00f8rdag 25.04.2026 kl. 11:00. Sted: Hotel Atlantic, Jernbaneall\u00e9en 33, 3201 SANDEFJORD. Alle lokallag kan stille&#8230;<\/p>\n","protected":false},"author":88,"featured_media":0,"parent":0,"template":"","meta":{"t2_featured_media_focal_point":{"x":0.5,"y":0.5},"mh_hide_title":true},"news_category":[],"class_list":["post-1094","news","type-news","status-publish","hentry"],"yoast_head":"<!-- This site is optimized with the Yoast SEO Premium plugin v21.2 (Yoast SEO v21.2) - https:\/\/yoast.com\/wordpress\/plugins\/seo\/ -->\n<title>Innkalling til \u00e5rsm\u00f8te i Mental Helse Mental Helse - Vestfold og Telemark 2026 - Mental Helse - Vestfold og Telemark<\/title>\n<meta name=\"robots\" content=\"index, follow, max-snippet:-1, max-image-preview:large, max-video-preview:-1\" \/>\n<link rel=\"canonical\" href=\"https:\/\/mentalhelse.no\/vestfold-og-telemark\/aktuelt\/innkalling-til-arsmote-i-mental-helse-vestfold-og-telemark-2026\/\" \/>\n<meta property=\"og:locale\" content=\"nb_NO\" \/>\n<meta property=\"og:type\" content=\"article\" \/>\n<meta property=\"og:title\" content=\"Innkalling til \u00e5rsm\u00f8te i Mental Helse Vestfold og Telemark 2026\" \/>\n<meta property=\"og:description\" content=\"Det innkalles til \u00e5rsm\u00f8te i Mental Helse Vestfold og Telemark l\u00f8rdag 25.04.2026 kl. 11:00. Sted: Hotel Atlantic, Jernbaneall\u00e9en 33, 3201 SANDEFJORD. Alle lokallag kan stille...\" \/>\n<meta property=\"og:url\" content=\"https:\/\/mentalhelse.no\/vestfold-og-telemark\/aktuelt\/innkalling-til-arsmote-i-mental-helse-vestfold-og-telemark-2026\/\" \/>\n<meta property=\"og:site_name\" content=\"Vestfold og Telemark\" \/>\n<meta name=\"twitter:card\" content=\"summary_large_image\" \/>\n<meta name=\"twitter:label1\" content=\"Ansl. lesetid\" \/>\n\t<meta name=\"twitter:data1\" content=\"2 minutter\" \/>\n<script type=\"application\/ld+json\" class=\"yoast-schema-graph\">{\"@context\":\"https:\/\/schema.org\",\"@graph\":[{\"@type\":\"WebPage\",\"@id\":\"https:\/\/mentalhelse.no\/vestfold-og-telemark\/aktuelt\/innkalling-til-arsmote-i-mental-helse-vestfold-og-telemark-2026\/\",\"url\":\"https:\/\/mentalhelse.no\/vestfold-og-telemark\/aktuelt\/innkalling-til-arsmote-i-mental-helse-vestfold-og-telemark-2026\/\",\"name\":\"Innkalling til \u00e5rsm\u00f8te i Mental Helse Vestfold og Telemark 2026 - Vestfold og Telemark\",\"isPartOf\":{\"@id\":\"https:\/\/mentalhelse.no\/vestfold-og-telemark\/#website\"},\"datePublished\":\"2026-03-14T18:23:54+00:00\",\"dateModified\":\"2026-03-14T18:23:54+00:00\",\"breadcrumb\":{\"@id\":\"https:\/\/mentalhelse.no\/vestfold-og-telemark\/aktuelt\/innkalling-til-arsmote-i-mental-helse-vestfold-og-telemark-2026\/#breadcrumb\"},\"inLanguage\":\"nb-NO\",\"potentialAction\":[{\"@type\":\"ReadAction\",\"target\":[\"https:\/\/mentalhelse.no\/vestfold-og-telemark\/aktuelt\/innkalling-til-arsmote-i-mental-helse-vestfold-og-telemark-2026\/\"]}]},{\"@type\":\"BreadcrumbList\",\"@id\":\"https:\/\/mentalhelse.no\/vestfold-og-telemark\/aktuelt\/innkalling-til-arsmote-i-mental-helse-vestfold-og-telemark-2026\/#breadcrumb\",\"itemListElement\":[{\"@type\":\"ListItem\",\"position\":1,\"name\":\"Hjem\",\"item\":\"https:\/\/mentalhelse.no\/vestfold-og-telemark\/\"},{\"@type\":\"ListItem\",\"position\":2,\"name\":\"Nyheter\",\"item\":\"https:\/\/mentalhelse.no\/vestfold-og-telemark\/aktuelt\/\"},{\"@type\":\"ListItem\",\"position\":3,\"name\":\"Innkalling til \u00e5rsm\u00f8te i Mental Helse Vestfold og Telemark 2026\"}]},{\"@type\":\"WebSite\",\"@id\":\"https:\/\/mentalhelse.no\/vestfold-og-telemark\/#website\",\"url\":\"https:\/\/mentalhelse.no\/vestfold-og-telemark\/\",\"name\":\"Vestfold og Telemark\",\"description\":\"\",\"potentialAction\":[{\"@type\":\"SearchAction\",\"target\":{\"@type\":\"EntryPoint\",\"urlTemplate\":\"https:\/\/mentalhelse.no\/vestfold-og-telemark\/?s={search_term_string}\"},\"query-input\":\"required name=search_term_string\"}],\"inLanguage\":\"nb-NO\"}]}<\/script>\n<!-- \/ Yoast SEO Premium plugin. -->","yoast_head_json":{"title":"Innkalling til \u00e5rsm\u00f8te i Mental Helse Mental Helse - Vestfold og Telemark 2026 - Mental Helse - Vestfold og Telemark","robots":{"index":"index","follow":"follow","max-snippet":"max-snippet:-1","max-image-preview":"max-image-preview:large","max-video-preview":"max-video-preview:-1"},"canonical":"https:\/\/mentalhelse.no\/vestfold-og-telemark\/aktuelt\/innkalling-til-arsmote-i-mental-helse-vestfold-og-telemark-2026\/","og_locale":"nb_NO","og_type":"article","og_title":"Innkalling til \u00e5rsm\u00f8te i Mental Helse Vestfold og Telemark 2026","og_description":"Det innkalles til \u00e5rsm\u00f8te i Mental Helse Vestfold og Telemark l\u00f8rdag 25.04.2026 kl. 11:00. Sted: Hotel Atlantic, Jernbaneall\u00e9en 33, 3201 SANDEFJORD. Alle lokallag kan stille...","og_url":"https:\/\/mentalhelse.no\/vestfold-og-telemark\/aktuelt\/innkalling-til-arsmote-i-mental-helse-vestfold-og-telemark-2026\/","og_site_name":"Vestfold og Telemark","twitter_card":"summary_large_image","twitter_misc":{"Ansl. lesetid":"2 minutter"},"schema":{"@context":"https:\/\/schema.org","@graph":[{"@type":"WebPage","@id":"https:\/\/mentalhelse.no\/vestfold-og-telemark\/aktuelt\/innkalling-til-arsmote-i-mental-helse-vestfold-og-telemark-2026\/","url":"https:\/\/mentalhelse.no\/vestfold-og-telemark\/aktuelt\/innkalling-til-arsmote-i-mental-helse-vestfold-og-telemark-2026\/","name":"Innkalling til \u00e5rsm\u00f8te i Mental Helse Vestfold og Telemark 2026 - Vestfold og Telemark","isPartOf":{"@id":"https:\/\/mentalhelse.no\/vestfold-og-telemark\/#website"},"datePublished":"2026-03-14T18:23:54+00:00","dateModified":"2026-03-14T18:23:54+00:00","breadcrumb":{"@id":"https:\/\/mentalhelse.no\/vestfold-og-telemark\/aktuelt\/innkalling-til-arsmote-i-mental-helse-vestfold-og-telemark-2026\/#breadcrumb"},"inLanguage":"nb-NO","potentialAction":[{"@type":"ReadAction","target":["https:\/\/mentalhelse.no\/vestfold-og-telemark\/aktuelt\/innkalling-til-arsmote-i-mental-helse-vestfold-og-telemark-2026\/"]}]},{"@type":"BreadcrumbList","@id":"https:\/\/mentalhelse.no\/vestfold-og-telemark\/aktuelt\/innkalling-til-arsmote-i-mental-helse-vestfold-og-telemark-2026\/#breadcrumb","itemListElement":[{"@type":"ListItem","position":1,"name":"Hjem","item":"https:\/\/mentalhelse.no\/vestfold-og-telemark\/"},{"@type":"ListItem","position":2,"name":"Nyheter","item":"https:\/\/mentalhelse.no\/vestfold-og-telemark\/aktuelt\/"},{"@type":"ListItem","position":3,"name":"Innkalling til \u00e5rsm\u00f8te i Mental Helse Vestfold og Telemark 2026"}]},{"@type":"WebSite","@id":"https:\/\/mentalhelse.no\/vestfold-og-telemark\/#website","url":"https:\/\/mentalhelse.no\/vestfold-og-telemark\/","name":"Vestfold og Telemark","description":"","potentialAction":[{"@type":"SearchAction","target":{"@type":"EntryPoint","urlTemplate":"https:\/\/mentalhelse.no\/vestfold-og-telemark\/?s={search_term_string}"},"query-input":"required name=search_term_string"}],"inLanguage":"nb-NO"}]}},"_links":{"self":[{"href":"https:\/\/mentalhelse.no\/vestfold-og-telemark\/wp-json\/wp\/v2\/news\/1094","targetHints":{"allow":["GET"]}}],"collection":[{"href":"https:\/\/mentalhelse.no\/vestfold-og-telemark\/wp-json\/wp\/v2\/news"}],"about":[{"href":"https:\/\/mentalhelse.no\/vestfold-og-telemark\/wp-json\/wp\/v2\/types\/news"}],"author":[{"embeddable":true,"href":"https:\/\/mentalhelse.no\/vestfold-og-telemark\/wp-json\/wp\/v2\/users\/88"}],"wp:attachment":[{"href":"https:\/\/mentalhelse.no\/vestfold-og-telemark\/wp-json\/wp\/v2\/media?parent=1094"}],"wp:term":[{"taxonomy":"news_category","embeddable":true,"href":"https:\/\/mentalhelse.no\/vestfold-og-telemark\/wp-json\/wp\/v2\/news_category?post=1094"}],"curies":[{"name":"wp","href":"https:\/\/api.w.org\/{rel}","templated":true}]}}